
{"id":22944,"date":"2012-12-21T23:55:42","date_gmt":"2012-12-22T02:55:42","guid":{"rendered":"http:\/\/www.sudoestehoje.com.br\/novoportal\/?p=22944"},"modified":"2012-12-21T23:55:42","modified_gmt":"2012-12-22T02:55:42","slug":"paulo-fernandes-e-diplomado-prefeito-de-itarantim","status":"publish","type":"post","link":"https:\/\/www.sudoestehoje.com.br\/novoportal\/2012\/12\/21\/paulo-fernandes-e-diplomado-prefeito-de-itarantim\/","title":{"rendered":"PAULO FERNANDES \u00c9 DIPLOMADO PREFEITO DE ITARANTIM"},"content":{"rendered":"<p><img decoding=\"async\" class=\"aligncenter\" src=\"http:\/\/2.bp.blogspot.com\/-zS-e92WrEZ0\/UNDs8od7iZI\/AAAAAAAAFhk\/HfYA0TXn6rk\/s400\/web.jpg\" alt=\"\" \/><\/p>\n<p>&nbsp;<\/p>\n<p>Em uma cerim\u00f4nia bastante concorrida, onde se notou claramente a esperan\u00e7a e a alegria estampadas no semblante de cada Itarantinense que se fez presente. O povo foi confirmar o seu apoio incondicional ao Prefeito eleito Dr. PAULO FERNANDES, ao Vice KLEBER FONSECA e aos vereadores eleitos pela coliga\u00e7\u00e3o, ao abra\u00e7ar a cada um deles desejando felicita\u00e7\u00f5es e boa sorte para o desafio que se aproxima.<\/p>\n<p>Foi a cerim\u00f4nia de diploma\u00e7\u00e3o dos futuros prefeito, vice-prefeito e vereadores que ir\u00e3o tomar posse no dia 1\u00ba de janeiro para conduzir os destinos de Itarantim, reconstruir a nossa cidade e devolver a esperan\u00e7a ao seu povo. Notava-se claramente a emo\u00e7\u00e3o estampada no rosto de Dr. Paulo Fernandes, sabedor do desafio que o espera a partir do dia 1\u00ba de janeiro, mas \u201cque afirmou estar pronto e preparado para enfrentar e vencer um a um, cada um deles\u201d. Itarantim Agora<\/p>\n","protected":false},"excerpt":{"rendered":"<p>&nbsp; Em uma cerim\u00f4nia bastante concorrida, onde se notou claramente a esperan\u00e7a e a alegria estampadas no semblante de cada Itarantinense que se fez presente. O povo foi confirmar o seu apoio incondicional ao Prefeito eleito Dr. PAULO FERNANDES, ao Vice KLEBER FONSECA e aos vereadores eleitos pela coliga\u00e7\u00e3o, ao abra\u00e7ar a cada um deles [&hellip;]<\/p>\n","protected":false},"author":2,"featured_media":0,"comment_status":"open","ping_status":"open","sticky":false,"template":"","format":"standard","meta":{"footnotes":"","_links_to":"","_links_to_target":""},"categories":[1],"tags":[],"class_list":["post-22944","post","type-post","status-publish","format-standard","hentry","category-geral"],"views":1191,"_links":{"self":[{"href":"https:\/\/www.sudoestehoje.com.br\/novoportal\/wp-json\/wp\/v2\/posts\/22944","targetHints":{"allow":["GET"]}}],"collection":[{"href":"https:\/\/www.sudoestehoje.com.br\/novoportal\/wp-json\/wp\/v2\/posts"}],"about":[{"href":"https:\/\/www.sudoestehoje.com.br\/novoportal\/wp-json\/wp\/v2\/types\/post"}],"author":[{"embeddable":true,"href":"https:\/\/www.sudoestehoje.com.br\/novoportal\/wp-json\/wp\/v2\/users\/2"}],"replies":[{"embeddable":true,"href":"https:\/\/www.sudoestehoje.com.br\/novoportal\/wp-json\/wp\/v2\/comments?post=22944"}],"version-history":[{"count":3,"href":"https:\/\/www.sudoestehoje.com.br\/novoportal\/wp-json\/wp\/v2\/posts\/22944\/revisions"}],"predecessor-version":[{"id":22947,"href":"https:\/\/www.sudoestehoje.com.br\/novoportal\/wp-json\/wp\/v2\/posts\/22944\/revisions\/22947"}],"wp:attachment":[{"href":"https:\/\/www.sudoestehoje.com.br\/novoportal\/wp-json\/wp\/v2\/media?parent=22944"}],"wp:term":[{"taxonomy":"category","embeddable":true,"href":"https:\/\/www.sudoestehoje.com.br\/novoportal\/wp-json\/wp\/v2\/categories?post=22944"},{"taxonomy":"post_tag","embeddable":true,"href":"https:\/\/www.sudoestehoje.com.br\/novoportal\/wp-json\/wp\/v2\/tags?post=22944"}],"curies":[{"name":"wp","href":"https:\/\/api.w.org\/{rel}","templated":true}]}}