
{"id":22935,"date":"2012-12-21T13:29:23","date_gmt":"2012-12-21T16:29:23","guid":{"rendered":"http:\/\/www.sudoestehoje.com.br\/novoportal\/?p=22935"},"modified":"2012-12-22T00:30:21","modified_gmt":"2012-12-22T03:30:21","slug":"o-mundo-nao-acabou-para-ze-dirceu-e-quadrilheiros-do-mensalao","status":"publish","type":"post","link":"https:\/\/www.sudoestehoje.com.br\/novoportal\/2012\/12\/21\/o-mundo-nao-acabou-para-ze-dirceu-e-quadrilheiros-do-mensalao\/","title":{"rendered":"O MUNDO N\u00c3O ACABOU PARA Z\u00c9 DIRCEU E QUADRILHEIROS DO MENSAL\u00c3O"},"content":{"rendered":"<p><img decoding=\"async\" class=\"aligncenter\" src=\"http:\/\/www.bahianoticias.com.br\/fotos\/principal_noticias\/128273\/IMAGEM_NOTICIA_5.jpg\" alt=\"Dirceu est\u00e1 'aliviado' com rejei\u00e7\u00e3o da pris\u00e3o imediata de envolvidos no mensal\u00e3o\" width=\"400\" \/><\/p>\n<p style=\"text-align: center;\"><em>Barbosa negou pedido de pris\u00e3o imediata dos condenados pelo STF\u00a0<\/em><\/p>\n<p>&nbsp;<\/p>\n<p>O presidente do Supremo Tribunal Federal (STF), ministro Joaquim Barbosa, rejeitou, nesta sexta-feira (21), o pedido de pris\u00e3o imediata dos condenados no julgamento do mensal\u00e3o feito pelo procurador-geral da Rep\u00fablica, Roberto Gurgel. A procuradoria solicitou que a pris\u00e3o ocorresse antes mesmo do tr\u00e2nsito em julgado da a\u00e7\u00e3o, ou seja, antes da an\u00e1lise dos recursos que a defesa ainda pode apresentar. Como as atividades do Tribunal foram encerradas na quarta (19) para o recesso, a decis\u00e3o foi tomada pelo ministro sem consulta aos demais membros da Corte. O Supremo volta a funcionar plenamente apenas em fevereiro de 2013.<\/p>\n","protected":false},"excerpt":{"rendered":"<p>Barbosa negou pedido de pris\u00e3o imediata dos condenados pelo STF\u00a0 &nbsp; O presidente do Supremo Tribunal Federal (STF), ministro Joaquim Barbosa, rejeitou, nesta sexta-feira (21), o pedido de pris\u00e3o imediata dos condenados no julgamento do mensal\u00e3o feito pelo procurador-geral da Rep\u00fablica, Roberto Gurgel. A procuradoria solicitou que a pris\u00e3o ocorresse antes mesmo do tr\u00e2nsito em [&hellip;]<\/p>\n","protected":false},"author":2,"featured_media":0,"comment_status":"open","ping_status":"open","sticky":false,"template":"","format":"standard","meta":{"footnotes":"","_links_to":"","_links_to_target":""},"categories":[1],"tags":[],"class_list":["post-22935","post","type-post","status-publish","format-standard","hentry","category-geral"],"views":1133,"_links":{"self":[{"href":"https:\/\/www.sudoestehoje.com.br\/novoportal\/wp-json\/wp\/v2\/posts\/22935","targetHints":{"allow":["GET"]}}],"collection":[{"href":"https:\/\/www.sudoestehoje.com.br\/novoportal\/wp-json\/wp\/v2\/posts"}],"about":[{"href":"https:\/\/www.sudoestehoje.com.br\/novoportal\/wp-json\/wp\/v2\/types\/post"}],"author":[{"embeddable":true,"href":"https:\/\/www.sudoestehoje.com.br\/novoportal\/wp-json\/wp\/v2\/users\/2"}],"replies":[{"embeddable":true,"href":"https:\/\/www.sudoestehoje.com.br\/novoportal\/wp-json\/wp\/v2\/comments?post=22935"}],"version-history":[{"count":4,"href":"https:\/\/www.sudoestehoje.com.br\/novoportal\/wp-json\/wp\/v2\/posts\/22935\/revisions"}],"predecessor-version":[{"id":22938,"href":"https:\/\/www.sudoestehoje.com.br\/novoportal\/wp-json\/wp\/v2\/posts\/22935\/revisions\/22938"}],"wp:attachment":[{"href":"https:\/\/www.sudoestehoje.com.br\/novoportal\/wp-json\/wp\/v2\/media?parent=22935"}],"wp:term":[{"taxonomy":"category","embeddable":true,"href":"https:\/\/www.sudoestehoje.com.br\/novoportal\/wp-json\/wp\/v2\/categories?post=22935"},{"taxonomy":"post_tag","embeddable":true,"href":"https:\/\/www.sudoestehoje.com.br\/novoportal\/wp-json\/wp\/v2\/tags?post=22935"}],"curies":[{"name":"wp","href":"https:\/\/api.w.org\/{rel}","templated":true}]}}