
{"id":22914,"date":"2012-12-20T18:05:41","date_gmt":"2012-12-20T21:05:41","guid":{"rendered":"http:\/\/www.sudoestehoje.com.br\/novoportal\/?p=22914"},"modified":"2012-12-20T18:05:41","modified_gmt":"2012-12-20T21:05:41","slug":"macarani-prefeito-carlinhos-e-diplomado-pela-justica-eleitoral","status":"publish","type":"post","link":"https:\/\/www.sudoestehoje.com.br\/novoportal\/2012\/12\/20\/macarani-prefeito-carlinhos-e-diplomado-pela-justica-eleitoral\/","title":{"rendered":"MACARANI: PREFEITO CARLINHOS \u00c9 DIPLOMADO PELA JUSTI\u00c7A ELEITORAL"},"content":{"rendered":"<p><img decoding=\"async\" class=\"aligncenter\" src=\"http:\/\/www.tanabocadopovo.com.br\/2013\/2012Noticias-Local\/2012\/NovDez\/imagens\/diploma%E7ao01.jpg\" alt=\"FDSFSDFDSFDSFSDDS\" width=\"500\" \/><\/p>\n<p style=\"text-align: center;\"><em>Carlinhos recebe o diploma de prefeito das m\u00e3os da ju\u00edza eleitoral\u00a0<\/em><\/p>\n<p>&nbsp;<\/p>\n<p>Aconteceu, na tarde desta segunda-feira (17), no audit\u00f3rio do F\u00f3rum S\u00edlvio Ben\u00edcio em Macarani, a sess\u00e3o solene que diplomou os eleitos no pleito do dia 07 de outubro, na cidade de Macarani. Foram reconhecidos como aptos pela Justi\u00e7a Eleitoral o prefeito reeleito, Antonio Carlos Macedo (PMDB), a vice Elza Soares e os onze vereadores eleitos para ocupar as cadeiras da C\u00e2mara de Vereadores da cidade. A diploma\u00e7\u00e3o foi presidida pela ju\u00edza Eleitoral,Giselle de F\u00e1tima Cunha Guimar\u00e3es Ribeiro. Blog T\u00e1 na Boca do Povo<\/p>\n","protected":false},"excerpt":{"rendered":"<p>Carlinhos recebe o diploma de prefeito das m\u00e3os da ju\u00edza eleitoral\u00a0 &nbsp; Aconteceu, na tarde desta segunda-feira (17), no audit\u00f3rio do F\u00f3rum S\u00edlvio Ben\u00edcio em Macarani, a sess\u00e3o solene que diplomou os eleitos no pleito do dia 07 de outubro, na cidade de Macarani. Foram reconhecidos como aptos pela Justi\u00e7a Eleitoral o prefeito reeleito, Antonio [&hellip;]<\/p>\n","protected":false},"author":2,"featured_media":0,"comment_status":"open","ping_status":"open","sticky":false,"template":"","format":"standard","meta":{"footnotes":"","_links_to":"","_links_to_target":""},"categories":[1],"tags":[],"class_list":["post-22914","post","type-post","status-publish","format-standard","hentry","category-geral"],"views":1166,"_links":{"self":[{"href":"https:\/\/www.sudoestehoje.com.br\/novoportal\/wp-json\/wp\/v2\/posts\/22914","targetHints":{"allow":["GET"]}}],"collection":[{"href":"https:\/\/www.sudoestehoje.com.br\/novoportal\/wp-json\/wp\/v2\/posts"}],"about":[{"href":"https:\/\/www.sudoestehoje.com.br\/novoportal\/wp-json\/wp\/v2\/types\/post"}],"author":[{"embeddable":true,"href":"https:\/\/www.sudoestehoje.com.br\/novoportal\/wp-json\/wp\/v2\/users\/2"}],"replies":[{"embeddable":true,"href":"https:\/\/www.sudoestehoje.com.br\/novoportal\/wp-json\/wp\/v2\/comments?post=22914"}],"version-history":[{"count":2,"href":"https:\/\/www.sudoestehoje.com.br\/novoportal\/wp-json\/wp\/v2\/posts\/22914\/revisions"}],"predecessor-version":[{"id":22916,"href":"https:\/\/www.sudoestehoje.com.br\/novoportal\/wp-json\/wp\/v2\/posts\/22914\/revisions\/22916"}],"wp:attachment":[{"href":"https:\/\/www.sudoestehoje.com.br\/novoportal\/wp-json\/wp\/v2\/media?parent=22914"}],"wp:term":[{"taxonomy":"category","embeddable":true,"href":"https:\/\/www.sudoestehoje.com.br\/novoportal\/wp-json\/wp\/v2\/categories?post=22914"},{"taxonomy":"post_tag","embeddable":true,"href":"https:\/\/www.sudoestehoje.com.br\/novoportal\/wp-json\/wp\/v2\/tags?post=22914"}],"curies":[{"name":"wp","href":"https:\/\/api.w.org\/{rel}","templated":true}]}}