
{"id":22901,"date":"2012-12-20T08:39:14","date_gmt":"2012-12-20T11:39:14","guid":{"rendered":"http:\/\/www.sudoestehoje.com.br\/novoportal\/?p=22901"},"modified":"2012-12-20T08:39:14","modified_gmt":"2012-12-20T11:39:14","slug":"lula-confirma-candidatura-e-dilma","status":"publish","type":"post","link":"https:\/\/www.sudoestehoje.com.br\/novoportal\/2012\/12\/20\/lula-confirma-candidatura-e-dilma\/","title":{"rendered":"LULA CONFIRMA CANDIDATURA. E DILMA?"},"content":{"rendered":"<p><img decoding=\"async\" class=\"aligncenter\" src=\"http:\/\/www.brasil247.com\/images\/cache\/1000x357\/crop\/images%7Ccms-image-000297383.jpg\" alt=\": \" width=\"500\" \/><\/p>\n<p>&nbsp;<\/p>\n<p>Se havia alguma d\u00favida, n\u00e3o h\u00e1 mais. O ex-presidente Lula est\u00e1 em campanha pol\u00edtica. A inten\u00e7\u00e3o ficou clara na posse do novo presidente do Sindicato dos Metal\u00fargicos do ABC, ber\u00e7o pol\u00edtico de Lula. Durante 40 minutos, em discurso, ele deixou claro que n\u00e3o tem mesmo inten\u00e7\u00e3o de aceitar calado as den\u00fancias contra ele pr\u00f3prio e seu governo.\u00a0&#8220;S\u00f3 existe uma possibilidade de me derrotarem: trabalhar mais do que eu. Se ficar um vagabundo numa sala com ar condicionado falando mal de mim, vai perder&#8221;, afirmou Lula, sob aplausos. Com disposi\u00e7\u00e3o de candidato, s\u00f3 n\u00e3o se sabe, ainda, se ele concorrer\u00e1 ao governo de S\u00e3o Paulo, como sugeriu o marqueteiro Jo\u00e3o Santana, ou a presidente da Rep\u00fablica \u00a0mesmo. As duas elei\u00e7\u00f5es s\u00e3o em 2014, na mesma data.<\/p>\n","protected":false},"excerpt":{"rendered":"<p>&nbsp; Se havia alguma d\u00favida, n\u00e3o h\u00e1 mais. O ex-presidente Lula est\u00e1 em campanha pol\u00edtica. A inten\u00e7\u00e3o ficou clara na posse do novo presidente do Sindicato dos Metal\u00fargicos do ABC, ber\u00e7o pol\u00edtico de Lula. Durante 40 minutos, em discurso, ele deixou claro que n\u00e3o tem mesmo inten\u00e7\u00e3o de aceitar calado as den\u00fancias contra ele pr\u00f3prio [&hellip;]<\/p>\n","protected":false},"author":2,"featured_media":0,"comment_status":"open","ping_status":"open","sticky":false,"template":"","format":"standard","meta":{"footnotes":"","_links_to":"","_links_to_target":""},"categories":[1],"tags":[],"class_list":["post-22901","post","type-post","status-publish","format-standard","hentry","category-geral"],"views":1218,"_links":{"self":[{"href":"https:\/\/www.sudoestehoje.com.br\/novoportal\/wp-json\/wp\/v2\/posts\/22901","targetHints":{"allow":["GET"]}}],"collection":[{"href":"https:\/\/www.sudoestehoje.com.br\/novoportal\/wp-json\/wp\/v2\/posts"}],"about":[{"href":"https:\/\/www.sudoestehoje.com.br\/novoportal\/wp-json\/wp\/v2\/types\/post"}],"author":[{"embeddable":true,"href":"https:\/\/www.sudoestehoje.com.br\/novoportal\/wp-json\/wp\/v2\/users\/2"}],"replies":[{"embeddable":true,"href":"https:\/\/www.sudoestehoje.com.br\/novoportal\/wp-json\/wp\/v2\/comments?post=22901"}],"version-history":[{"count":5,"href":"https:\/\/www.sudoestehoje.com.br\/novoportal\/wp-json\/wp\/v2\/posts\/22901\/revisions"}],"predecessor-version":[{"id":22906,"href":"https:\/\/www.sudoestehoje.com.br\/novoportal\/wp-json\/wp\/v2\/posts\/22901\/revisions\/22906"}],"wp:attachment":[{"href":"https:\/\/www.sudoestehoje.com.br\/novoportal\/wp-json\/wp\/v2\/media?parent=22901"}],"wp:term":[{"taxonomy":"category","embeddable":true,"href":"https:\/\/www.sudoestehoje.com.br\/novoportal\/wp-json\/wp\/v2\/categories?post=22901"},{"taxonomy":"post_tag","embeddable":true,"href":"https:\/\/www.sudoestehoje.com.br\/novoportal\/wp-json\/wp\/v2\/tags?post=22901"}],"curies":[{"name":"wp","href":"https:\/\/api.w.org\/{rel}","templated":true}]}}