
{"id":2284,"date":"2010-11-29T13:25:34","date_gmt":"2010-11-29T16:25:34","guid":{"rendered":"http:\/\/www.sudoestehoje.com.br\/novoportal\/?p=2284"},"modified":"2010-11-29T13:25:34","modified_gmt":"2010-11-29T16:25:34","slug":"so-uma-topeira","status":"publish","type":"post","link":"https:\/\/www.sudoestehoje.com.br\/novoportal\/2010\/11\/29\/so-uma-topeira\/","title":{"rendered":"S\u00d3 UMA TOPEIRA&#8230;"},"content":{"rendered":"<p style=\"text-align: center;\"><a href=\"http:\/\/www.google.com.br\/imgres?imgurl=http:\/\/arqveolvgvs.blogs.sapo.pt\/arquivo\/toupeira.jpg&amp;imgrefurl=http:\/\/www.guj.com.br\/posts\/list\/24553.java&amp;usg=__ffayw8CAagsgEFlfVLmuBdEHahA=&amp;h=220&amp;w=236&amp;sz=33&amp;hl=pt-br&amp;start=15&amp;zoom=1&amp;itbs=1&amp;tbnid=ncX1b7yEZjmzFM:&amp;tbnh=102&amp;tbnw=109&amp;prev=\/images%3Fq%3Dtopeira%26hl%3Dpt-br%26sa%3DG%26gbv%3D2%26tbs%3Disch:1\"><img loading=\"lazy\" decoding=\"async\" src=\"http:\/\/t1.gstatic.com\/images?q=tbn:ncX1b7yEZjmzFM:http:\/\/arqveolvgvs.blogs.sapo.pt\/arquivo\/toupeira.jpg\" alt=\"\" width=\"109\" height=\"102\" \/><\/a><\/p>\n<p>Creio que ningu\u00e9m, de s\u00e3 consci\u00eancia, queira o fracasso da administra\u00e7\u00e3o municipal, independente de quem seja o prefeito. O que se critica, e deve ser criticado mesmo, s\u00e3o os atos falhos da administra\u00e7\u00e3o, na esperan\u00e7a de que sejam corrigidos. Cabe ao prefeito, se for homem de vis\u00e3o, analisar as cr\u00edticas e den\u00fancias e tentar corrigir os problemas, ao inv\u00e9s de se ofender e sair contestando tudo, na base da porrada. S\u00f3 um cego ou uma topeira da marca do atual prefeito, n\u00e3o enxerga que a sua equipe \u00e9 problem\u00e1tica, negando-se a demitir aqueles que n\u00e3o est\u00e3o correspondendo. Se acha mesmo que est\u00e1 legal, tudo bem, prefeito, continui com os seus 40 incompetentes, e um feliz(?) 2012. Quem viver, ver\u00e1&#8230;<\/p>\n","protected":false},"excerpt":{"rendered":"<p>Creio que ningu\u00e9m, de s\u00e3 consci\u00eancia, queira o fracasso da administra\u00e7\u00e3o municipal, independente de quem seja o prefeito. O que se critica, e deve ser criticado mesmo, s\u00e3o os atos falhos da administra\u00e7\u00e3o, na esperan\u00e7a de que sejam corrigidos. Cabe ao prefeito, se for homem de vis\u00e3o, analisar as cr\u00edticas e den\u00fancias e tentar corrigir [&hellip;]<\/p>\n","protected":false},"author":2,"featured_media":0,"comment_status":"open","ping_status":"open","sticky":false,"template":"","format":"standard","meta":{"footnotes":"","_links_to":"","_links_to_target":""},"categories":[11],"tags":[],"class_list":["post-2284","post","type-post","status-publish","format-standard","hentry","category-quentinhas"],"views":184,"_links":{"self":[{"href":"https:\/\/www.sudoestehoje.com.br\/novoportal\/wp-json\/wp\/v2\/posts\/2284","targetHints":{"allow":["GET"]}}],"collection":[{"href":"https:\/\/www.sudoestehoje.com.br\/novoportal\/wp-json\/wp\/v2\/posts"}],"about":[{"href":"https:\/\/www.sudoestehoje.com.br\/novoportal\/wp-json\/wp\/v2\/types\/post"}],"author":[{"embeddable":true,"href":"https:\/\/www.sudoestehoje.com.br\/novoportal\/wp-json\/wp\/v2\/users\/2"}],"replies":[{"embeddable":true,"href":"https:\/\/www.sudoestehoje.com.br\/novoportal\/wp-json\/wp\/v2\/comments?post=2284"}],"version-history":[{"count":1,"href":"https:\/\/www.sudoestehoje.com.br\/novoportal\/wp-json\/wp\/v2\/posts\/2284\/revisions"}],"predecessor-version":[{"id":2285,"href":"https:\/\/www.sudoestehoje.com.br\/novoportal\/wp-json\/wp\/v2\/posts\/2284\/revisions\/2285"}],"wp:attachment":[{"href":"https:\/\/www.sudoestehoje.com.br\/novoportal\/wp-json\/wp\/v2\/media?parent=2284"}],"wp:term":[{"taxonomy":"category","embeddable":true,"href":"https:\/\/www.sudoestehoje.com.br\/novoportal\/wp-json\/wp\/v2\/categories?post=2284"},{"taxonomy":"post_tag","embeddable":true,"href":"https:\/\/www.sudoestehoje.com.br\/novoportal\/wp-json\/wp\/v2\/tags?post=2284"}],"curies":[{"name":"wp","href":"https:\/\/api.w.org\/{rel}","templated":true}]}}