
{"id":22836,"date":"2012-12-18T23:38:52","date_gmt":"2012-12-19T02:38:52","guid":{"rendered":"http:\/\/www.sudoestehoje.com.br\/novoportal\/?p=22836"},"modified":"2012-12-18T23:38:52","modified_gmt":"2012-12-19T02:38:52","slug":"wagner-vai-mexer-no-primeiro-escalao","status":"publish","type":"post","link":"https:\/\/www.sudoestehoje.com.br\/novoportal\/2012\/12\/18\/wagner-vai-mexer-no-primeiro-escalao\/","title":{"rendered":"WAGNER VAI MEXER NO PRIMEIRO ESCAL\u00c3O"},"content":{"rendered":"<p><img decoding=\"async\" class=\"aligncenter\" src=\"http:\/\/fw.atarde.uol.com.br\/2012\/11\/650x375_1291032.jpg\" alt=\"\" width=\"400\" \/><\/p>\n<p>&nbsp;<\/p>\n<p>O governador Jaques Wagner (PT) admitiu em entrevista \u00e0 R\u00e1dio Metr\u00f3pole que far\u00e1 algumas modifica\u00e7\u00f5es no primeiro escal\u00e3o de sua equipe. O petista afirmou que &#8220;realmente&#8221; h\u00e1 algumas \u00e1reas que n\u00e3o est\u00e3o funcionando bem.<\/p>\n<p>As mudan\u00e7as dever\u00e3o acontecer no in\u00edcio de 2013 e Wagner j\u00e1 afirmou que n\u00e3o tem compromisso com futuros ex-prefeitos e ex-candidatos derrotados.<\/p>\n<p>&#8220;Eu, sem d\u00favida, estou avaliando. Vou fechar o balan\u00e7o com algumas pessoas mais pr\u00f3ximas e na entrada do ano mexer em algumas pe\u00e7as. Agora, eu n\u00e3o me sinto na obriga\u00e7\u00e3o de abrigar ex-prefeitos ou ex-candidatos. A minha prioridade ser\u00e1 uma melhor gest\u00e3o&#8221;.<!--more--><\/p>\n<p>Embora n\u00e3o tenha adiantado nomes nem pastas espec\u00edficas, o governador, segundo a Tribuna da Bahia, pode mudar os comandos da Secretaria de Desenvolvimento Urbano (Sedur) e da Secretaria de Cultura.<\/p>\n<p>Luiz Caetano, atual prefeito de Cama\u00e7ari, seria o nome mais cotado para assumir a Sedur, no lugar de C\u00edcero Monteiro. A prefeita de Lauro de Freitas, Moema Gramacho, iria para a Secretaria de Desenvolvimento Social e Combate \u00e0 Pobreza (Sedes), levando em considera\u00e7\u00e3o os importantes programas sociais do governo e pela Defesa Civil do Estado, de acordo com mat\u00e9ria da Tribuna.<\/p>\n<p>Ainda na entrevista \u00e0 Metr\u00f3pole, Wagner comentou sobre sua sucess\u00e3o em 2014 e citou os petistas Luiz Caetano, Moema Gramacho, Rui Costa (secret\u00e1rio da Casa Civil) e Jos\u00e9 Sergio Gabrielli (secret\u00e1rio de Planejamento) como nomes fortes e mais al\u00e9m frisou que a prefer\u00eancia \u00e9 do PT por ser um partido maior. &#8220;O PT carrega legitimidade por ser maior&#8221;.<\/p>\n<p>Sobre seu futuro pol\u00edtico, quando deixar o cargo, voltou a repetir que ir\u00e1 disputar uma vaga na C\u00e2mara Federal, cujo objetivo maior \u00e9 continuar apoiando a presidente Dilma Rousseff.<\/p>\n<div><\/div>\n","protected":false},"excerpt":{"rendered":"<p>&nbsp; O governador Jaques Wagner (PT) admitiu em entrevista \u00e0 R\u00e1dio Metr\u00f3pole que far\u00e1 algumas modifica\u00e7\u00f5es no primeiro escal\u00e3o de sua equipe. O petista afirmou que &#8220;realmente&#8221; h\u00e1 algumas \u00e1reas que n\u00e3o est\u00e3o funcionando bem. As mudan\u00e7as dever\u00e3o acontecer no in\u00edcio de 2013 e Wagner j\u00e1 afirmou que n\u00e3o tem compromisso com futuros ex-prefeitos e [&hellip;]<\/p>\n","protected":false},"author":2,"featured_media":0,"comment_status":"open","ping_status":"open","sticky":false,"template":"","format":"standard","meta":{"footnotes":"","_links_to":"","_links_to_target":""},"categories":[1],"tags":[],"class_list":["post-22836","post","type-post","status-publish","format-standard","hentry","category-geral"],"views":1488,"_links":{"self":[{"href":"https:\/\/www.sudoestehoje.com.br\/novoportal\/wp-json\/wp\/v2\/posts\/22836","targetHints":{"allow":["GET"]}}],"collection":[{"href":"https:\/\/www.sudoestehoje.com.br\/novoportal\/wp-json\/wp\/v2\/posts"}],"about":[{"href":"https:\/\/www.sudoestehoje.com.br\/novoportal\/wp-json\/wp\/v2\/types\/post"}],"author":[{"embeddable":true,"href":"https:\/\/www.sudoestehoje.com.br\/novoportal\/wp-json\/wp\/v2\/users\/2"}],"replies":[{"embeddable":true,"href":"https:\/\/www.sudoestehoje.com.br\/novoportal\/wp-json\/wp\/v2\/comments?post=22836"}],"version-history":[{"count":3,"href":"https:\/\/www.sudoestehoje.com.br\/novoportal\/wp-json\/wp\/v2\/posts\/22836\/revisions"}],"predecessor-version":[{"id":22839,"href":"https:\/\/www.sudoestehoje.com.br\/novoportal\/wp-json\/wp\/v2\/posts\/22836\/revisions\/22839"}],"wp:attachment":[{"href":"https:\/\/www.sudoestehoje.com.br\/novoportal\/wp-json\/wp\/v2\/media?parent=22836"}],"wp:term":[{"taxonomy":"category","embeddable":true,"href":"https:\/\/www.sudoestehoje.com.br\/novoportal\/wp-json\/wp\/v2\/categories?post=22836"},{"taxonomy":"post_tag","embeddable":true,"href":"https:\/\/www.sudoestehoje.com.br\/novoportal\/wp-json\/wp\/v2\/tags?post=22836"}],"curies":[{"name":"wp","href":"https:\/\/api.w.org\/{rel}","templated":true}]}}