
{"id":22800,"date":"2012-12-17T18:27:30","date_gmt":"2012-12-17T21:27:30","guid":{"rendered":"http:\/\/www.sudoestehoje.com.br\/novoportal\/?p=22800"},"modified":"2012-12-17T18:40:12","modified_gmt":"2012-12-17T21:40:12","slug":"fetrav-divulga-nota-sobre-os-785-demitidos-da-matriz-da-azaleia","status":"publish","type":"post","link":"https:\/\/www.sudoestehoje.com.br\/novoportal\/2012\/12\/17\/fetrav-divulga-nota-sobre-os-785-demitidos-da-matriz-da-azaleia\/","title":{"rendered":"FETRAV DIVULGA NOTA SOBRE OS 785 DEMITIDOS DA MATRIZ DA AZAL\u00c9IA"},"content":{"rendered":"<p><img decoding=\"async\" class=\"aligncenter\" src=\"http:\/\/www.blogdaresenhageral.com.br\/v1\/wp-content\/uploads\/F%C3%A1brica-Azal%C3%A9ia-Vulcabr%C3%A1s-300x211.jpg\" alt=\"\" width=\"400\" \/><\/p>\n<p style=\"text-align: center;\"><em>Matriz da Azaleia demitiu 785 funcion\u00e1rios na \u00faltima sexta-feira\u00a0<\/em><\/p>\n<p>&nbsp;<\/p>\n<p>ITAPETINGA: A Federa\u00e7\u00e3o dos Trabalhadores nas Ind\u00fastrias de Beneficiamento de Couro, Fabrica\u00e7\u00e3o de Cal\u00e7ados e Vestu\u00e1rio do Estado da Bahia (FETRAV) divulgou hoje uma nota p\u00fablica em solidariedade aos trabalhadores que foram demitidos a Azal\u00e9ia\/Vulcabr\u00e1s em Itapetinga nos \u00faltimos tempos. Somente entre sexta-feira (14) e s\u00e1bado (15), 785 trabalhadores foram demitidos da matriz, \u00e9 o que informa o Sindicato dos Trabalhadores de Cal\u00e7ados de Itapetinga e Regi\u00e3o Sudoeste. At\u00e9 o momento cerca de 4 mil pessoas j\u00e1 foram demitidas desde o ano passado.<em> Resenha Geral<\/em><\/p>\n<p><a href=\"http:\/\/www.blogdaresenhageral.com.br\/v1\/wp-content\/uploads\/NOTA-DA-FETRAV.doc\">Confira a nota a \u00edntegra.<\/a><\/p>\n","protected":false},"excerpt":{"rendered":"<p>Matriz da Azaleia demitiu 785 funcion\u00e1rios na \u00faltima sexta-feira\u00a0 &nbsp; ITAPETINGA: A Federa\u00e7\u00e3o dos Trabalhadores nas Ind\u00fastrias de Beneficiamento de Couro, Fabrica\u00e7\u00e3o de Cal\u00e7ados e Vestu\u00e1rio do Estado da Bahia (FETRAV) divulgou hoje uma nota p\u00fablica em solidariedade aos trabalhadores que foram demitidos a Azal\u00e9ia\/Vulcabr\u00e1s em Itapetinga nos \u00faltimos tempos. Somente entre sexta-feira (14) e [&hellip;]<\/p>\n","protected":false},"author":2,"featured_media":0,"comment_status":"open","ping_status":"open","sticky":false,"template":"","format":"standard","meta":{"footnotes":"","_links_to":"","_links_to_target":""},"categories":[1],"tags":[],"class_list":["post-22800","post","type-post","status-publish","format-standard","hentry","category-geral"],"views":1233,"_links":{"self":[{"href":"https:\/\/www.sudoestehoje.com.br\/novoportal\/wp-json\/wp\/v2\/posts\/22800","targetHints":{"allow":["GET"]}}],"collection":[{"href":"https:\/\/www.sudoestehoje.com.br\/novoportal\/wp-json\/wp\/v2\/posts"}],"about":[{"href":"https:\/\/www.sudoestehoje.com.br\/novoportal\/wp-json\/wp\/v2\/types\/post"}],"author":[{"embeddable":true,"href":"https:\/\/www.sudoestehoje.com.br\/novoportal\/wp-json\/wp\/v2\/users\/2"}],"replies":[{"embeddable":true,"href":"https:\/\/www.sudoestehoje.com.br\/novoportal\/wp-json\/wp\/v2\/comments?post=22800"}],"version-history":[{"count":4,"href":"https:\/\/www.sudoestehoje.com.br\/novoportal\/wp-json\/wp\/v2\/posts\/22800\/revisions"}],"predecessor-version":[{"id":22803,"href":"https:\/\/www.sudoestehoje.com.br\/novoportal\/wp-json\/wp\/v2\/posts\/22800\/revisions\/22803"}],"wp:attachment":[{"href":"https:\/\/www.sudoestehoje.com.br\/novoportal\/wp-json\/wp\/v2\/media?parent=22800"}],"wp:term":[{"taxonomy":"category","embeddable":true,"href":"https:\/\/www.sudoestehoje.com.br\/novoportal\/wp-json\/wp\/v2\/categories?post=22800"},{"taxonomy":"post_tag","embeddable":true,"href":"https:\/\/www.sudoestehoje.com.br\/novoportal\/wp-json\/wp\/v2\/tags?post=22800"}],"curies":[{"name":"wp","href":"https:\/\/api.w.org\/{rel}","templated":true}]}}