
{"id":228,"date":"2010-08-31T00:42:09","date_gmt":"2010-08-31T03:42:09","guid":{"rendered":"http:\/\/sudoestehoje.tempsite.ws\/novoportal\/?p=228"},"modified":"2010-09-18T13:51:42","modified_gmt":"2010-09-18T16:51:42","slug":"visita-de-wagner-a-itapetinga-foi-um-fiasco","status":"publish","type":"post","link":"https:\/\/www.sudoestehoje.com.br\/novoportal\/2010\/08\/31\/visita-de-wagner-a-itapetinga-foi-um-fiasco\/","title":{"rendered":"VISITA DE WAGNER A ITAPETINGA FOI UM FIASCO"},"content":{"rendered":"<div style=\"text-align: center;\"><img loading=\"lazy\" decoding=\"async\" src=\"http:\/\/www.sudoestehoje.com.br\/web\/images\/stories\/wagner1.jpg\" border=\"0\" alt=\"\" width=\"443\" height=\"349\" \/><\/div>\n<div><strong>Z\u00e9 Carlos e Rosemberg se ancarregaram das desculpas. Wagner n\u00e3o foi<\/strong><\/div>\n<p>ITAPETINGA:  Programada com uma semana de anteced\u00eancia, a esperada carreata dos  petistas de Itapetinga, com a presen\u00e7a do candidato Jaques Wagner,  acabou se tranformando em um fiasco total. O n\u00famero reduzido de  ve\u00edculos\u00a0na carreata (menos de 100), surpreendeu a todos, at\u00e9 mesmo ao  mais c\u00e9tico dos\u00a0oposicionistas. Nas ruas em que passaram, em\u00a0carro  aberto, Wagner e seus companheiros\u00a0foram recebidos com indiferen\u00e7a, sem  qualquer manifesta\u00e7\u00e3o de entusiasmo por parte da popula\u00e7\u00e3o.\u00a0Em algumas  ruas do bairro Nova Itapetinga, populares exibiam panos pretos nas  portas e\u00a0janelas das casas, em sinal de protesto.<\/p>\n<div style=\"text-align: center;\"><img loading=\"lazy\" decoding=\"async\" src=\"http:\/\/www.sudoestehoje.com.br\/web\/images\/stories\/wagner3.jpg\" border=\"0\" alt=\"\" width=\"442\" height=\"352\" \/><\/div>\n<div><strong>Pra\u00e7a vazia &#8216;espantou&#8217; o governador. Os poucos militantes ficaram frustrados<\/strong><\/div>\n<p>Enquanto  Wagner e seus companheiros de chapa desfilavam sob os  olhares\u00a0desconfiados da popula\u00e7\u00e3o, o locutor oficial da prefeitura  anunciava em um mini-trio, que o governador faria um pronunciamento em  frente \u00e0 prefeitura municipal, onde uma &#8220;multid\u00e3o&#8221; estaria \u00e0 sua espera.  Na verdade, a anunciada &#8220;multid\u00e3o&#8221; n\u00e3o passava de um punhado de  servidores municipais e algumas mulheres e crian\u00e7as, pagas para segurar  bandeiras. O vexame n\u00e3o foi maior porque Wagner foi alertado\u00a0a tempo\u00a0por  sua assessoria, fazendo com que ele abortasse a programa\u00e7\u00e3o do prefeito  Z\u00e9 Carlos e seguisse direto para o aeroporto.<\/p>\n<p>Na  pra\u00e7a, a decep\u00e7\u00e3o dos petistas foi geral, cabendo ao atrapalhado  prefeito e seu candidato Rosemberg Pinto &#8216;segurarem o pepino&#8217;, em um  palanque com apenas dois oradores. Ningu\u00e9m mais ousou subir no palanque,  nem mesmo o vereador &#8216;entr\u00e3o&#8217;, Romildo Teixeira.<\/p>\n<p>Na  comitiva do governador estavam Oto Alencar, L\u00eddice da Mata, Walter  Pinheiro, dep. Geraldo Sim\u00f5es, dep. Waldenor Pereira, Rosemberg Pinto,  Jos\u00e9 Raimundo, al\u00e9m de prefeitos, vereadores e cabos eleitorais de toda a  regi\u00e3o. Parodiando Lula, &#8216;nunca na hist\u00f3ria pol\u00edtica de Itapetinga se  viu um vexame t\u00e3o grande&#8217;.<\/p>\n<p>Davi Ferraz<\/p>\n","protected":false},"excerpt":{"rendered":"<p>Z\u00e9 Carlos e Rosemberg se ancarregaram das desculpas. Wagner n\u00e3o foi ITAPETINGA: Programada com uma semana de anteced\u00eancia, a esperada carreata dos petistas de Itapetinga, com a presen\u00e7a do candidato Jaques Wagner, acabou se tranformando em um fiasco total. O n\u00famero reduzido de ve\u00edculos\u00a0na carreata (menos de 100), surpreendeu a todos, at\u00e9 mesmo ao mais [&hellip;]<\/p>\n","protected":false},"author":1,"featured_media":0,"comment_status":"open","ping_status":"open","sticky":false,"template":"","format":"standard","meta":{"footnotes":"","_links_to":"","_links_to_target":""},"categories":[1],"tags":[],"class_list":["post-228","post","type-post","status-publish","format-standard","hentry","category-geral"],"views":1353,"_links":{"self":[{"href":"https:\/\/www.sudoestehoje.com.br\/novoportal\/wp-json\/wp\/v2\/posts\/228","targetHints":{"allow":["GET"]}}],"collection":[{"href":"https:\/\/www.sudoestehoje.com.br\/novoportal\/wp-json\/wp\/v2\/posts"}],"about":[{"href":"https:\/\/www.sudoestehoje.com.br\/novoportal\/wp-json\/wp\/v2\/types\/post"}],"author":[{"embeddable":true,"href":"https:\/\/www.sudoestehoje.com.br\/novoportal\/wp-json\/wp\/v2\/users\/1"}],"replies":[{"embeddable":true,"href":"https:\/\/www.sudoestehoje.com.br\/novoportal\/wp-json\/wp\/v2\/comments?post=228"}],"version-history":[{"count":1,"href":"https:\/\/www.sudoestehoje.com.br\/novoportal\/wp-json\/wp\/v2\/posts\/228\/revisions"}],"predecessor-version":[{"id":229,"href":"https:\/\/www.sudoestehoje.com.br\/novoportal\/wp-json\/wp\/v2\/posts\/228\/revisions\/229"}],"wp:attachment":[{"href":"https:\/\/www.sudoestehoje.com.br\/novoportal\/wp-json\/wp\/v2\/media?parent=228"}],"wp:term":[{"taxonomy":"category","embeddable":true,"href":"https:\/\/www.sudoestehoje.com.br\/novoportal\/wp-json\/wp\/v2\/categories?post=228"},{"taxonomy":"post_tag","embeddable":true,"href":"https:\/\/www.sudoestehoje.com.br\/novoportal\/wp-json\/wp\/v2\/tags?post=228"}],"curies":[{"name":"wp","href":"https:\/\/api.w.org\/{rel}","templated":true}]}}