
{"id":22792,"date":"2012-12-17T17:57:14","date_gmt":"2012-12-17T20:57:14","guid":{"rendered":"http:\/\/www.sudoestehoje.com.br\/novoportal\/?p=22792"},"modified":"2012-12-17T17:57:14","modified_gmt":"2012-12-17T20:57:14","slug":"supremo-cassa-deputados-condenados-no-julgamento-do-mensalao","status":"publish","type":"post","link":"https:\/\/www.sudoestehoje.com.br\/novoportal\/2012\/12\/17\/supremo-cassa-deputados-condenados-no-julgamento-do-mensalao\/","title":{"rendered":"SUPREMO CASSA DEPUTADOS CONDENADOS NO JULGAMENTO DO MENSAL\u00c3O"},"content":{"rendered":"<p><img decoding=\"async\" class=\"aligncenter\" src=\"http:\/\/www.oimpacto.com.br\/wp-content\/uploads\/2012\/12\/Deputados-condenados.jpg\" alt=\"\" width=\"400\" \/><\/p>\n<p style=\"text-align: center;\"><em>STF cassa mandatos de Jo\u00e3o Paulo Cunha (PT-SP), Valdemar da Costa Neto (PR-SP) e\u00a0Pedro Henry (PP-MT)<\/em><\/p>\n<p>&nbsp;<\/p>\n<p>Com o voto do ministro Celso de Mello, o Supremo Tribunal Federal (STF) determinou nesta segunda-feira (17) que os 25 condenados no julgamento do mensal\u00e3o perderam os direitos pol\u00edticos e, por consequ\u00eancia, perder\u00e3o o mandato parlamentar os tr\u00eas deputados federais condenados no processo: Jo\u00e3o Paulo Cunha (PT-SP), Pedro Henry (PP-MT) e Valdemar da Costa Neto (PR-SP). A decis\u00e3o em rela\u00e7\u00e3o \u00e0 perda dos direitos pol\u00edticos foi un\u00e2nime. No caso da perda de mandato, o resultado foi 5 a 4 \u2013 quatro ministros entenderam que, apesar da perda dos direitos pol\u00edticos, caberia \u00e0 C\u00e2mara deliberar sobre a cassa\u00e7\u00e3o do mandato. Os demais \u2013 que venceram a vota\u00e7\u00e3o \u2013 entenderam que a decis\u00e3o do Supremo \u00e9 definitiva e n\u00e3o precisar\u00e1 passar por delibera\u00e7\u00e3o da C\u00e2mara. \u201cFicam suspensos os direitos pol\u00edticos de todos os r\u00e9us condenados, e por vota\u00e7\u00e3o majorit\u00e1ria ficam os r\u00e9us condenados impedidos do exerc\u00edcio do mandato parlamentar\u201d, declarou o presidente do Supremo, Joaquim Barbosa, ao proclamar o resultado. Leia mais no\u00a0<a href=\"http:\/\/g1.globo.com\/politica\/mensalao\/noticia\/2012\/12\/stf-determina-perda-de-mandatos-de-deputados-condenados-por-mensalao.html\">G1<\/a>.<\/p>\n","protected":false},"excerpt":{"rendered":"<p>STF cassa mandatos de Jo\u00e3o Paulo Cunha (PT-SP), Valdemar da Costa Neto (PR-SP) e\u00a0Pedro Henry (PP-MT) &nbsp; Com o voto do ministro Celso de Mello, o Supremo Tribunal Federal (STF) determinou nesta segunda-feira (17) que os 25 condenados no julgamento do mensal\u00e3o perderam os direitos pol\u00edticos e, por consequ\u00eancia, perder\u00e3o o mandato parlamentar os tr\u00eas [&hellip;]<\/p>\n","protected":false},"author":2,"featured_media":0,"comment_status":"open","ping_status":"open","sticky":false,"template":"","format":"standard","meta":{"footnotes":"","_links_to":"","_links_to_target":""},"categories":[1],"tags":[],"class_list":["post-22792","post","type-post","status-publish","format-standard","hentry","category-geral"],"views":1332,"_links":{"self":[{"href":"https:\/\/www.sudoestehoje.com.br\/novoportal\/wp-json\/wp\/v2\/posts\/22792","targetHints":{"allow":["GET"]}}],"collection":[{"href":"https:\/\/www.sudoestehoje.com.br\/novoportal\/wp-json\/wp\/v2\/posts"}],"about":[{"href":"https:\/\/www.sudoestehoje.com.br\/novoportal\/wp-json\/wp\/v2\/types\/post"}],"author":[{"embeddable":true,"href":"https:\/\/www.sudoestehoje.com.br\/novoportal\/wp-json\/wp\/v2\/users\/2"}],"replies":[{"embeddable":true,"href":"https:\/\/www.sudoestehoje.com.br\/novoportal\/wp-json\/wp\/v2\/comments?post=22792"}],"version-history":[{"count":3,"href":"https:\/\/www.sudoestehoje.com.br\/novoportal\/wp-json\/wp\/v2\/posts\/22792\/revisions"}],"predecessor-version":[{"id":22795,"href":"https:\/\/www.sudoestehoje.com.br\/novoportal\/wp-json\/wp\/v2\/posts\/22792\/revisions\/22795"}],"wp:attachment":[{"href":"https:\/\/www.sudoestehoje.com.br\/novoportal\/wp-json\/wp\/v2\/media?parent=22792"}],"wp:term":[{"taxonomy":"category","embeddable":true,"href":"https:\/\/www.sudoestehoje.com.br\/novoportal\/wp-json\/wp\/v2\/categories?post=22792"},{"taxonomy":"post_tag","embeddable":true,"href":"https:\/\/www.sudoestehoje.com.br\/novoportal\/wp-json\/wp\/v2\/tags?post=22792"}],"curies":[{"name":"wp","href":"https:\/\/api.w.org\/{rel}","templated":true}]}}