
{"id":22771,"date":"2012-12-17T00:41:15","date_gmt":"2012-12-17T03:41:15","guid":{"rendered":"http:\/\/www.sudoestehoje.com.br\/novoportal\/?p=22771"},"modified":"2012-12-16T11:49:11","modified_gmt":"2012-12-16T14:49:11","slug":"macarani-reforma-do-hospital-sao-pedro-segue-em-ritmo-aceleradas","status":"publish","type":"post","link":"https:\/\/www.sudoestehoje.com.br\/novoportal\/2012\/12\/17\/macarani-reforma-do-hospital-sao-pedro-segue-em-ritmo-aceleradas\/","title":{"rendered":"MACARANI: REFORMA DO HOSPITAL S\u00c3O PEDRO SEGUE EM RITMO ACELERADO"},"content":{"rendered":"<p align=\"justify\"><img decoding=\"async\" class=\"alignleft\" src=\"http:\/\/www.tanabocadopovo.com.br\/2013\/2012Noticias-Local\/2012\/NovDez\/imagens\/HOSP02.jpg\" alt=\"\" \/>O setor de sa\u00fade de Macarani ganhar\u00e1 um novo impulso com a reforma e amplia\u00e7\u00e3o do Hospital Municipal S\u00e3o Pedro, que j\u00e1 est\u00e1 em fase bem adiantada, depois de ter liberada a verba de R$ 500 mil reais, atrav\u00e9s do Minist\u00e9rio da Sa\u00fade.<\/p>\n<p>O pleito \u00e9 de 2010 e faz parte de uma emenda parlamentar que possibilitar\u00e1 tamb\u00e9m o aparelhamento da Unidade Hospital. Para isso, a prefeitura recebeu, inicialmente, R$ 200 mil reais para a compra de aparelhos, n\u00e3o sendo usado em sua totalidade pela falta de infraestrutura do Hospital, constru\u00eddo sem as observ\u00e2ncias preconizadas pelo MS. Um exemplo disso \u00e9 a sala de radiologia onde o isolamento \u00e9 inadequado ao uso do equipamento.<!--more--><\/p>\n<p>No ato de inicio dos trabalhos, o prefeito Carlinhos afirmou \u201cInvestir na melhoria e amplia\u00e7\u00e3o da estrutura f\u00edsica do Hospital \u00e9 importante porque vai melhorar a qualidade do diagn\u00f3stico e dar maior conforto na acomoda\u00e7\u00e3o dos pacientes que, por ventura, necessitarem de internamento. Por\u00e9m, melhor do que isso \u00e9 a presen\u00e7a de uma equipe de profissionais que t\u00eam a percep\u00e7\u00e3o e a sensibilidade de sentir a dor do paciente e conduzi-lo a um tratamento humano e solid\u00e1rio. S\u00f3 assim alcan\u00e7aremos o n\u00edvel elevado de satisfa\u00e7\u00e3o da popula\u00e7\u00e3o assistida\u201d. O prefeito disse ainda que \u201cn\u00e3o poderia exigir dos profissionais de sa\u00fade um trabalho eficiente se n\u00e3o facultar aos mesmos um ambiente digno para exercerem o seu of\u00edcio\u201d. O gestor aproveitou para lamentar o pensamento, traduzido em palavras, do ex-prefeito, que afirmou n\u00e3o ser necess\u00e1rio o trabalho de reforma e amplia\u00e7\u00e3o do hospital. \u201cUma pessoa que fala isso demonstra n\u00e3o ter comprometimento com sa\u00fade de Macarani. Humilha o povo pobre e desqualifica os profissionais que se doam para tratar com humanidade a comunidade carente do munic\u00edpio\u201d afirmou o prefeito.<\/p>\n<p>No m\u00eas passado, a verba que possibilitar\u00e1 reformar e ampliar o hospital foi, enfim, liberada pelo Minist\u00e9rio da Sa\u00fade e, de imediato, a prefeitura deu inicio a obra t\u00e3o esperada pela comunidade. O arquiteto Jorge Jourdam elaborou o projeto de amplia\u00e7\u00e3o, que traz no seu bojo, novas enfermarias, ala pedi\u00e1trica, consult\u00f3rios m\u00e9dico, uma nova lavanderia, corredores de circula\u00e7\u00e3o de ar, amplia\u00e7\u00e3o do centro cir\u00fargico, setor de radiologia, recep\u00e7\u00e3o projetada para melhor acomoda\u00e7\u00e3o dos pacientes na espera pelo atendimento, laborat\u00f3rio, maternidade e modernas salas administrativas.<\/p>\n<p><em>Blog T\u00e1 na Boca do Povo<\/em><\/p>\n<p>&nbsp;<\/p>\n<p align=\"justify\"><span style=\"color: #000000; font-family: Arial, Helvetica, sans-serif; font-size: small;\"><br \/>\n<\/span><\/p>\n","protected":false},"excerpt":{"rendered":"<p>O setor de sa\u00fade de Macarani ganhar\u00e1 um novo impulso com a reforma e amplia\u00e7\u00e3o do Hospital Municipal S\u00e3o Pedro, que j\u00e1 est\u00e1 em fase bem adiantada, depois de ter liberada a verba de R$ 500 mil reais, atrav\u00e9s do Minist\u00e9rio da Sa\u00fade. O pleito \u00e9 de 2010 e faz parte de uma emenda parlamentar [&hellip;]<\/p>\n","protected":false},"author":2,"featured_media":0,"comment_status":"open","ping_status":"open","sticky":false,"template":"","format":"standard","meta":{"footnotes":"","_links_to":"","_links_to_target":""},"categories":[1],"tags":[],"class_list":["post-22771","post","type-post","status-publish","format-standard","hentry","category-geral"],"views":2010,"_links":{"self":[{"href":"https:\/\/www.sudoestehoje.com.br\/novoportal\/wp-json\/wp\/v2\/posts\/22771","targetHints":{"allow":["GET"]}}],"collection":[{"href":"https:\/\/www.sudoestehoje.com.br\/novoportal\/wp-json\/wp\/v2\/posts"}],"about":[{"href":"https:\/\/www.sudoestehoje.com.br\/novoportal\/wp-json\/wp\/v2\/types\/post"}],"author":[{"embeddable":true,"href":"https:\/\/www.sudoestehoje.com.br\/novoportal\/wp-json\/wp\/v2\/users\/2"}],"replies":[{"embeddable":true,"href":"https:\/\/www.sudoestehoje.com.br\/novoportal\/wp-json\/wp\/v2\/comments?post=22771"}],"version-history":[{"count":5,"href":"https:\/\/www.sudoestehoje.com.br\/novoportal\/wp-json\/wp\/v2\/posts\/22771\/revisions"}],"predecessor-version":[{"id":22776,"href":"https:\/\/www.sudoestehoje.com.br\/novoportal\/wp-json\/wp\/v2\/posts\/22771\/revisions\/22776"}],"wp:attachment":[{"href":"https:\/\/www.sudoestehoje.com.br\/novoportal\/wp-json\/wp\/v2\/media?parent=22771"}],"wp:term":[{"taxonomy":"category","embeddable":true,"href":"https:\/\/www.sudoestehoje.com.br\/novoportal\/wp-json\/wp\/v2\/categories?post=22771"},{"taxonomy":"post_tag","embeddable":true,"href":"https:\/\/www.sudoestehoje.com.br\/novoportal\/wp-json\/wp\/v2\/tags?post=22771"}],"curies":[{"name":"wp","href":"https:\/\/api.w.org\/{rel}","templated":true}]}}