
{"id":22755,"date":"2012-12-16T08:37:52","date_gmt":"2012-12-16T11:37:52","guid":{"rendered":"http:\/\/www.sudoestehoje.com.br\/novoportal\/?p=22755"},"modified":"2012-12-16T08:37:52","modified_gmt":"2012-12-16T11:37:52","slug":"em-evento-do-pt-dirceu-diz-que-mensalao-nao-existiu","status":"publish","type":"post","link":"https:\/\/www.sudoestehoje.com.br\/novoportal\/2012\/12\/16\/em-evento-do-pt-dirceu-diz-que-mensalao-nao-existiu\/","title":{"rendered":"EM EVENTO DO PT, DIRCEU DIZ QUE MENSAL\u00c3O N\u00c3O EXISTIU"},"content":{"rendered":"<p style=\"text-align: center;\"><img decoding=\"async\" class=\"aligncenter\" src=\"http:\/\/www.metro1.com.br\/uploads\/imagens\/dest_capa_3\/IMG_1353849084.jpg\" alt=\"Em evento do PT, Dirceu diz que mensal\u00e3o n\u00e3o existiu\" width=\"500\" \/><\/p>\n<p>&nbsp;<\/p>\n<p>O ex-ministro-chefe da Casa Civil, Jos\u00e9 Dirceu, participou neste s\u00e1bado (15) de um evento do Partido dos Trabalhadores (PT) em Porto Alegre. COndenado a mais de 10 anos pelo Supremo Tribunal Federal (STF) no processo do mensal\u00e3o, Dirceu afirmou que o esquema n\u00e3o existe.<\/p>\n<p>&#8220;N\u00e3o \u00e9 verdade que houve desvio de recursos. Est\u00e1 provado em auditoria e nos autos. Isso \u00e9 uma fraude, uma inven\u00e7\u00e3o. N\u00e3o h\u00e1 uma prova, uma testemunha de compra de parlamentar, a n\u00e3o ser o Roberto Jefferson&#8221;, afirmou.<\/p>\n<p>Dirceu ainda fez duras cr\u00edticas ao julgamento. &#8220;Sempre digo para estrangeiros que visitam o Brasil que o julgamento durou, porque vai acabar na semana que vem, se \u00e9 que vai acabar, quatro meses e meio. A Suprema Corte brasileira parou durante esse per\u00edodo, porque isso tudo era transmitido pela televis\u00e3o. Todos os interlocutores dizem que \u00e9 um julgamento pol\u00edtico de exce\u00e7\u00e3o. Dizendo isso n\u00e3o preciso dizer mais nada&#8221;.<\/p>\n<p>As informa\u00e7\u00f5es s\u00e3o do G1<\/p>\n","protected":false},"excerpt":{"rendered":"<p>&nbsp; O ex-ministro-chefe da Casa Civil, Jos\u00e9 Dirceu, participou neste s\u00e1bado (15) de um evento do Partido dos Trabalhadores (PT) em Porto Alegre. COndenado a mais de 10 anos pelo Supremo Tribunal Federal (STF) no processo do mensal\u00e3o, Dirceu afirmou que o esquema n\u00e3o existe. &#8220;N\u00e3o \u00e9 verdade que houve desvio de recursos. Est\u00e1 provado [&hellip;]<\/p>\n","protected":false},"author":2,"featured_media":0,"comment_status":"open","ping_status":"open","sticky":false,"template":"","format":"standard","meta":{"footnotes":"","_links_to":"","_links_to_target":""},"categories":[1],"tags":[],"class_list":["post-22755","post","type-post","status-publish","format-standard","hentry","category-geral"],"views":1179,"_links":{"self":[{"href":"https:\/\/www.sudoestehoje.com.br\/novoportal\/wp-json\/wp\/v2\/posts\/22755","targetHints":{"allow":["GET"]}}],"collection":[{"href":"https:\/\/www.sudoestehoje.com.br\/novoportal\/wp-json\/wp\/v2\/posts"}],"about":[{"href":"https:\/\/www.sudoestehoje.com.br\/novoportal\/wp-json\/wp\/v2\/types\/post"}],"author":[{"embeddable":true,"href":"https:\/\/www.sudoestehoje.com.br\/novoportal\/wp-json\/wp\/v2\/users\/2"}],"replies":[{"embeddable":true,"href":"https:\/\/www.sudoestehoje.com.br\/novoportal\/wp-json\/wp\/v2\/comments?post=22755"}],"version-history":[{"count":3,"href":"https:\/\/www.sudoestehoje.com.br\/novoportal\/wp-json\/wp\/v2\/posts\/22755\/revisions"}],"predecessor-version":[{"id":22758,"href":"https:\/\/www.sudoestehoje.com.br\/novoportal\/wp-json\/wp\/v2\/posts\/22755\/revisions\/22758"}],"wp:attachment":[{"href":"https:\/\/www.sudoestehoje.com.br\/novoportal\/wp-json\/wp\/v2\/media?parent=22755"}],"wp:term":[{"taxonomy":"category","embeddable":true,"href":"https:\/\/www.sudoestehoje.com.br\/novoportal\/wp-json\/wp\/v2\/categories?post=22755"},{"taxonomy":"post_tag","embeddable":true,"href":"https:\/\/www.sudoestehoje.com.br\/novoportal\/wp-json\/wp\/v2\/tags?post=22755"}],"curies":[{"name":"wp","href":"https:\/\/api.w.org\/{rel}","templated":true}]}}