
{"id":22749,"date":"2012-12-15T20:37:31","date_gmt":"2012-12-15T23:37:31","guid":{"rendered":"http:\/\/www.sudoestehoje.com.br\/novoportal\/?p=22749"},"modified":"2012-12-15T20:43:05","modified_gmt":"2012-12-15T23:43:05","slug":"codefat-estudara-ampliacao-de-seguro-para-demitidos-da-azaleia","status":"publish","type":"post","link":"https:\/\/www.sudoestehoje.com.br\/novoportal\/2012\/12\/15\/codefat-estudara-ampliacao-de-seguro-para-demitidos-da-azaleia\/","title":{"rendered":"CODEFAT ESTUDAR\u00c1 AMPLIA\u00c7\u00c3O DE SEGURO PARA DEMITIDOS DA AZALEIA"},"content":{"rendered":"<p><img decoding=\"async\" class=\"aligncenter\" src=\"http:\/\/3.bp.blogspot.com\/-XyCtIF9-us4\/UL42lGeHtUI\/AAAAAAAAhmY\/axXOY-sqxZY\/s1600\/azaleia+itororo4.jpg\" alt=\"\" width=\"500\" \/><\/p>\n<p style=\"text-align: center;\"><em>Alheia aos &#8216;esfor\u00e7os&#8217; do governo, Azal\u00e9ia demite milhares de funcion\u00e1rios na sua matriz em Itapetinga, de forma perversa e desumana<\/em><\/p>\n<p>&nbsp;<\/p>\n<p>O Conselho Deliberativo do Fundo de Amparo ao Trabalhador (Codefat) sinalizou positivamente para amplia\u00e7\u00e3o do seguro-desemprego dos funcion\u00e1rios demitidos em 12 unidades da Vulcabras|azaleia situadas em seis munic\u00edpios do sudoeste baiano. O pedido foi formulado pelo Governo da Bahia, levando em conta o grande impacto social da desativa\u00e7\u00e3o das f\u00e1bricas.<\/p>\n<p>Segundo o governo, por\u00e9m, a extens\u00e3o do benef\u00edcio estar\u00e1 vinculada ao tempo de servi\u00e7o de cada trabalhador. Em condi\u00e7\u00f5es normais, quem est\u00e1 no emprego h\u00e1 mais de dois anos tem direito a cinco meses de seguro. O sindicato que representa a categoria no sudoeste avalia que pelo menos 80% dos demitidos contavam mais de dois anos no servi\u00e7o.<\/p>\n<p>O governador Jaques Wagner discutiu a situa\u00e7\u00e3o dos trabalhadores nesta sexta-feira, 14, em Bras\u00edlia. Ele se encontrou com o ministro do Trabalho, Brizola Neto, a quem refor\u00e7ou o pedido para que o seguro-desemprego dos oper\u00e1rios seja ampliado. Wagner tamb\u00e9m se reuniu com os ministros Ideli Salvati, das Rela\u00e7\u00f5es Institucionais, e Fernando Pimentel, da Ind\u00fastria e Com\u00e9rcio Exterior, com quem voltou a abordar a necessidade de medidas antidumping para proteger a ind\u00fastria nacional.<\/p>\n","protected":false},"excerpt":{"rendered":"<p>Alheia aos &#8216;esfor\u00e7os&#8217; do governo, Azal\u00e9ia demite milhares de funcion\u00e1rios na sua matriz em Itapetinga, de forma perversa e desumana &nbsp; O Conselho Deliberativo do Fundo de Amparo ao Trabalhador (Codefat) sinalizou positivamente para amplia\u00e7\u00e3o do seguro-desemprego dos funcion\u00e1rios demitidos em 12 unidades da Vulcabras|azaleia situadas em seis munic\u00edpios do sudoeste baiano. O pedido foi [&hellip;]<\/p>\n","protected":false},"author":2,"featured_media":0,"comment_status":"open","ping_status":"open","sticky":false,"template":"","format":"standard","meta":{"footnotes":"","_links_to":"","_links_to_target":""},"categories":[1],"tags":[],"class_list":["post-22749","post","type-post","status-publish","format-standard","hentry","category-geral"],"views":1213,"_links":{"self":[{"href":"https:\/\/www.sudoestehoje.com.br\/novoportal\/wp-json\/wp\/v2\/posts\/22749","targetHints":{"allow":["GET"]}}],"collection":[{"href":"https:\/\/www.sudoestehoje.com.br\/novoportal\/wp-json\/wp\/v2\/posts"}],"about":[{"href":"https:\/\/www.sudoestehoje.com.br\/novoportal\/wp-json\/wp\/v2\/types\/post"}],"author":[{"embeddable":true,"href":"https:\/\/www.sudoestehoje.com.br\/novoportal\/wp-json\/wp\/v2\/users\/2"}],"replies":[{"embeddable":true,"href":"https:\/\/www.sudoestehoje.com.br\/novoportal\/wp-json\/wp\/v2\/comments?post=22749"}],"version-history":[{"count":5,"href":"https:\/\/www.sudoestehoje.com.br\/novoportal\/wp-json\/wp\/v2\/posts\/22749\/revisions"}],"predecessor-version":[{"id":22754,"href":"https:\/\/www.sudoestehoje.com.br\/novoportal\/wp-json\/wp\/v2\/posts\/22749\/revisions\/22754"}],"wp:attachment":[{"href":"https:\/\/www.sudoestehoje.com.br\/novoportal\/wp-json\/wp\/v2\/media?parent=22749"}],"wp:term":[{"taxonomy":"category","embeddable":true,"href":"https:\/\/www.sudoestehoje.com.br\/novoportal\/wp-json\/wp\/v2\/categories?post=22749"},{"taxonomy":"post_tag","embeddable":true,"href":"https:\/\/www.sudoestehoje.com.br\/novoportal\/wp-json\/wp\/v2\/tags?post=22749"}],"curies":[{"name":"wp","href":"https:\/\/api.w.org\/{rel}","templated":true}]}}