
{"id":22741,"date":"2012-12-14T23:23:26","date_gmt":"2012-12-15T02:23:26","guid":{"rendered":"http:\/\/www.sudoestehoje.com.br\/novoportal\/?p=22741"},"modified":"2012-12-14T23:23:26","modified_gmt":"2012-12-15T02:23:26","slug":"mercadores-de-ilusoes","status":"publish","type":"post","link":"https:\/\/www.sudoestehoje.com.br\/novoportal\/2012\/12\/14\/mercadores-de-ilusoes\/","title":{"rendered":"MERCADORES DE ILUS\u00d5ES"},"content":{"rendered":"<p><img decoding=\"async\" class=\"aligncenter\" src=\"http:\/\/3.bp.blogspot.com\/-Ac1T0BEvLHc\/UI8BFdvdW-I\/AAAAAAAAE3A\/djRm8noCE-o\/s1600\/12+devido+unicamente+a+essa+tend%C3%AAncia+natural+do+ser+humano+gostar+de+ser+iludido,+enganado,+ludibriado.jpg\" alt=\"\" width=\"150\" \/><\/p>\n<p>No auge da crise da Azal\u00e9ia, o mercador de ilus\u00f5es Jos\u00e9 Carlos Moura colocou um carro de som pelas ruas da cidade, propagando que a f\u00e1brica de cal\u00e7ados n\u00e3o iria mais demitir ningu\u00e9m de Itapetinga e que, muito pelo contr\u00e1rio, iria voltar a admitir. Disse que essa garantia havia sido dada pelo pr\u00f3prio governador Wagner, etc, etc&#8230;Pois bem, a Azal\u00e9ia fechou a filial de Bandeira do Col\u00f4nia, distrito de Itapetinga, e de quebra voltou a demitir em massa, na pr\u00f3pria matriz. Isto demonstra que nem ele, nem tampouco Wagner t\u00eam poder sobre p&#8230; nenhuma e que a popula\u00e7\u00e3o de Itapetinga est\u00e1 mesmo entregue \u00e0 pr\u00f3pria sorte. Enquanto eles se desentendem o jogam a culpa nos chineses, a Vulcabras manda brasa, demitindo humilhantemente os seus empregados, na porta da f\u00e1brica. Como pr\u00eamio de consola\u00e7\u00e3o, o governo federal vai dar aos demitidos mais 2 meses de Seguro Desemprego. Nunca vi tanta desumanidade&#8230;<\/p>\n","protected":false},"excerpt":{"rendered":"<p>No auge da crise da Azal\u00e9ia, o mercador de ilus\u00f5es Jos\u00e9 Carlos Moura colocou um carro de som pelas ruas da cidade, propagando que a f\u00e1brica de cal\u00e7ados n\u00e3o iria mais demitir ningu\u00e9m de Itapetinga e que, muito pelo contr\u00e1rio, iria voltar a admitir. Disse que essa garantia havia sido dada pelo pr\u00f3prio governador Wagner, [&hellip;]<\/p>\n","protected":false},"author":2,"featured_media":0,"comment_status":"open","ping_status":"open","sticky":false,"template":"","format":"standard","meta":{"footnotes":"","_links_to":"","_links_to_target":""},"categories":[11],"tags":[],"class_list":["post-22741","post","type-post","status-publish","format-standard","hentry","category-quentinhas"],"views":1190,"_links":{"self":[{"href":"https:\/\/www.sudoestehoje.com.br\/novoportal\/wp-json\/wp\/v2\/posts\/22741","targetHints":{"allow":["GET"]}}],"collection":[{"href":"https:\/\/www.sudoestehoje.com.br\/novoportal\/wp-json\/wp\/v2\/posts"}],"about":[{"href":"https:\/\/www.sudoestehoje.com.br\/novoportal\/wp-json\/wp\/v2\/types\/post"}],"author":[{"embeddable":true,"href":"https:\/\/www.sudoestehoje.com.br\/novoportal\/wp-json\/wp\/v2\/users\/2"}],"replies":[{"embeddable":true,"href":"https:\/\/www.sudoestehoje.com.br\/novoportal\/wp-json\/wp\/v2\/comments?post=22741"}],"version-history":[{"count":1,"href":"https:\/\/www.sudoestehoje.com.br\/novoportal\/wp-json\/wp\/v2\/posts\/22741\/revisions"}],"predecessor-version":[{"id":22746,"href":"https:\/\/www.sudoestehoje.com.br\/novoportal\/wp-json\/wp\/v2\/posts\/22741\/revisions\/22746"}],"wp:attachment":[{"href":"https:\/\/www.sudoestehoje.com.br\/novoportal\/wp-json\/wp\/v2\/media?parent=22741"}],"wp:term":[{"taxonomy":"category","embeddable":true,"href":"https:\/\/www.sudoestehoje.com.br\/novoportal\/wp-json\/wp\/v2\/categories?post=22741"},{"taxonomy":"post_tag","embeddable":true,"href":"https:\/\/www.sudoestehoje.com.br\/novoportal\/wp-json\/wp\/v2\/tags?post=22741"}],"curies":[{"name":"wp","href":"https:\/\/api.w.org\/{rel}","templated":true}]}}