
{"id":22737,"date":"2012-12-14T20:43:58","date_gmt":"2012-12-14T23:43:58","guid":{"rendered":"http:\/\/www.sudoestehoje.com.br\/novoportal\/?p=22737"},"modified":"2012-12-14T23:34:04","modified_gmt":"2012-12-15T02:34:04","slug":"urgente-azaleia-acaba-de-demitir-cerca-de-1500-funcionarios-da-sua-matriz-em-itapetinga","status":"publish","type":"post","link":"https:\/\/www.sudoestehoje.com.br\/novoportal\/2012\/12\/14\/urgente-azaleia-acaba-de-demitir-cerca-de-1500-funcionarios-da-sua-matriz-em-itapetinga\/","title":{"rendered":"URGENTE! AZAL\u00c9IA ACABA DE DEMITIR CERCA DE 1500 FUNCION\u00c1RIOS DA SUA MATRIZ EM ITAPETINGA"},"content":{"rendered":"<p><iframe loading=\"lazy\" title=\"URGENTE! AZAL\u00c9IA ACABA DE DEMITIR CERCA DE 1500 FUNCION\u00c1RIOS DA SUA MATRIZ EM ITAPETINGA\" width=\"500\" height=\"375\" src=\"https:\/\/www.youtube.com\/embed\/aJNYmVAb4ac?feature=oembed\" frameborder=\"0\" allow=\"accelerometer; autoplay; clipboard-write; encrypted-media; gyroscope; picture-in-picture; web-share\" referrerpolicy=\"strict-origin-when-cross-origin\" allowfullscreen><\/iframe><\/p>\n<p>ITAPETINGA: Contrariando todas as expectativas e as previs\u00f5es &#8216;otimistas&#8217; das autoridades locais e estaduais, a matriz da f\u00e1brica de cal\u00e7ados Vulcabras|Azaleia demitiu nesta sexta-feira (14), cerca de 1.500 funcion\u00e1rios, sem nenhum aviso pr\u00e9vio. Os &#8216;colaboradores&#8217; da Azal\u00e9ia em Itapetinga foram demitidos sumariamente, durante todo o dia, \u00e0 medida em chegavam no seu turno de trabalho, devendo continuar nos turnos seguintes.<\/p>\n<p>Muitos n\u00e3o conseguiram sequer acessar as depend\u00eancias da f\u00e1brica, visto que os seus cart\u00f5es de acesso foram bloqueados e n\u00e3o passaram da portaria. Outros, que j\u00e1 se encontravam trabalhando, foram sendo levados em pequenos grupos para o setor de RH, onde receberam os comunicados de demiss\u00e3o.<\/p>\n<p>Desta vez a Azal\u00e9ia n\u00e3o poupou sequer os funcion\u00e1rios com defici\u00eancia f\u00edsica, demitindo-os sumariamente, sem pena nem d\u00f3. Os crit\u00e9rios de demiss\u00e3o, segundo informa\u00e7\u00f5es de coordenadores que n\u00e3o quiseram se identificar, foram aleat\u00f3rios e inclu\u00edram pessoas rec\u00e9m contratadas e at\u00e9 antigos funcion\u00e1rios, com at\u00e9 10 anos de casa. Para o turno da meia-noite desta sexta, mais demiss\u00f5es est\u00e3o previstas.<\/p>\n<p>A nossa reportagem esteve na porta da f\u00e1brica no in\u00edcio da noite desta sexta-feira e constatou, in loco, o desespero dos funcion\u00e1rios demitidos, que se aglomeravam no port\u00e3o, sem acreditarem no que estava ocorrendo. Com medo de futuras repres\u00e1lias, nenhum dos demitidos quis gravar entrevista, mas mesmo assim conseguimos filmar a aglomera\u00e7\u00e3o dos demitidos no p\u00e1tio interno da f\u00e1brica.<\/p>\n<p>No local n\u00e3o havia nenhum representante do sindicato da categoria.<\/p>\n<p><strong><em>Por Davi Ferraz<\/em><\/strong><\/p>\n","protected":false},"excerpt":{"rendered":"<p>ITAPETINGA: Contrariando todas as expectativas e as previs\u00f5es &#8216;otimistas&#8217; das autoridades locais e estaduais, a matriz da f\u00e1brica de cal\u00e7ados Vulcabras|Azaleia demitiu nesta sexta-feira (14), cerca de 1.500 funcion\u00e1rios, sem nenhum aviso pr\u00e9vio. Os &#8216;colaboradores&#8217; da Azal\u00e9ia em Itapetinga foram demitidos sumariamente, durante todo o dia, \u00e0 medida em chegavam no seu turno de trabalho, [&hellip;]<\/p>\n","protected":false},"author":2,"featured_media":0,"comment_status":"open","ping_status":"open","sticky":false,"template":"","format":"standard","meta":{"footnotes":"","_links_to":"","_links_to_target":""},"categories":[1],"tags":[],"class_list":["post-22737","post","type-post","status-publish","format-standard","hentry","category-geral"],"views":1831,"_links":{"self":[{"href":"https:\/\/www.sudoestehoje.com.br\/novoportal\/wp-json\/wp\/v2\/posts\/22737","targetHints":{"allow":["GET"]}}],"collection":[{"href":"https:\/\/www.sudoestehoje.com.br\/novoportal\/wp-json\/wp\/v2\/posts"}],"about":[{"href":"https:\/\/www.sudoestehoje.com.br\/novoportal\/wp-json\/wp\/v2\/types\/post"}],"author":[{"embeddable":true,"href":"https:\/\/www.sudoestehoje.com.br\/novoportal\/wp-json\/wp\/v2\/users\/2"}],"replies":[{"embeddable":true,"href":"https:\/\/www.sudoestehoje.com.br\/novoportal\/wp-json\/wp\/v2\/comments?post=22737"}],"version-history":[{"count":8,"href":"https:\/\/www.sudoestehoje.com.br\/novoportal\/wp-json\/wp\/v2\/posts\/22737\/revisions"}],"predecessor-version":[{"id":22740,"href":"https:\/\/www.sudoestehoje.com.br\/novoportal\/wp-json\/wp\/v2\/posts\/22737\/revisions\/22740"}],"wp:attachment":[{"href":"https:\/\/www.sudoestehoje.com.br\/novoportal\/wp-json\/wp\/v2\/media?parent=22737"}],"wp:term":[{"taxonomy":"category","embeddable":true,"href":"https:\/\/www.sudoestehoje.com.br\/novoportal\/wp-json\/wp\/v2\/categories?post=22737"},{"taxonomy":"post_tag","embeddable":true,"href":"https:\/\/www.sudoestehoje.com.br\/novoportal\/wp-json\/wp\/v2\/tags?post=22737"}],"curies":[{"name":"wp","href":"https:\/\/api.w.org\/{rel}","templated":true}]}}