
{"id":22720,"date":"2012-12-14T11:11:42","date_gmt":"2012-12-14T14:11:42","guid":{"rendered":"http:\/\/www.sudoestehoje.com.br\/novoportal\/?p=22720"},"modified":"2012-12-14T11:11:42","modified_gmt":"2012-12-14T14:11:42","slug":"confira-o-secretariado-de-acm-neto","status":"publish","type":"post","link":"https:\/\/www.sudoestehoje.com.br\/novoportal\/2012\/12\/14\/confira-o-secretariado-de-acm-neto\/","title":{"rendered":"CONFIRA O SECRETARIADO DE ACM NETO"},"content":{"rendered":"<div><img decoding=\"async\" class=\"aligncenter\" src=\"http:\/\/www.politicalivre.com.br\/wp-content\/thumbgen_cache\/6d276f7b8e59097ded735a4ccc359a0f.jpg\" alt=\"\" width=\"500\" \/><\/div>\n<div><\/div>\n<div>SALVADOR: O prefeito eleito ACM Neto (DEM) j\u00e1 havia definido at\u00e9 as 20h desta quinta-feira (13) os nomes de dez secret\u00e1rios, a serem anunciados na manh\u00e3 desta sexta (14). As pastas da Casa Civil e Gest\u00e3o permaneciam sem titular. O coordenador da transi\u00e7\u00e3o, Paulo Souto, recusou o convite para assumir a Casa Civil. O ex-governador alegou motivos familiares para n\u00e3o preencher o posto. Primeiro nome a ser confirmado, Mauro Ricardo Machado Costa ser\u00e1 o secret\u00e1rio da Fazenda. Como adiantado pelo Bahia Not\u00edcias, Jo\u00e3o Carlos Bacelar permanece na Educa\u00e7\u00e3o. A Sa\u00fade ser\u00e1 comandada por Jos\u00e9 Ant\u00f4nio Rodrigues Alves, provedor das Santas Casas. O presidente do Democratas baiano, Jos\u00e9 Carlos Aleluia, ser\u00e1 o titular de Urbanismo e Transporte. A pasta de Infraestrutura, Habita\u00e7\u00e3o e Defesa Civil, ficar\u00e1 com Paulo Fontana, indicado pelo PMDB. A propriet\u00e1ria do Bahia Outlet Center, Rosemma Burlacchini Maluf, assumir\u00e1 a Ordem P\u00fablica, com o aval do PSDB. J\u00e1 a Secretaria de Desenvolvimento, Turismo e Cultura ficar\u00e1 com Guilherme Bellintani, s\u00f3cio-diretor do Juspodium e professor da Faculdade Bahiana de Direito.<!--more--><\/div>\n<div><\/div>\n<div>Outros nomes que tamb\u00e9m j\u00e1 estavam certos e ser\u00e3o confirmados s\u00e3o Ivanilson Gomes, na Cidade Sustent\u00e1vel, e Maur\u00edcio Trindade (PR) na Promo\u00e7\u00e3o Social e Combate \u00e0 Pobreza. Com isso, Colbert Martins (PMDB) volta \u00e0 C\u00e2mara Federal, no lugar do republicano. A ex-reitora da Universidade da Bahia (Uneb), Ivete Sacramento, ser\u00e1 a secret\u00e1ria de Repara\u00e7\u00e3o. Al\u00e9m dos titulares das secretarias, outros nomes ser\u00e3o anunciados. Jo\u00e3o Roma, advogado e ex-presidente da juventude do DEM, ser\u00e1 chefe de gabinete do prefeito. As Rela\u00e7\u00f5es Institucionais ficar\u00e3o sob responsabilidade do atual presidente da C\u00e2mara Municipal, Pedro Godinho (PMDB). A Comunica\u00e7\u00e3o ser\u00e1 feita por Roberto Messias, conhecido como Porquinho, atual assessor do parlamentar federal F\u00e9lix mendon\u00e7a J\u00fanior (PDT). Cotado inicialmente para a pasta da Promo\u00e7\u00e3o Social, o vereador Joceval Rodrigues (PPS) ser\u00e1 o l\u00edder de governo da pr\u00f3xima legislatura. BN<\/div>\n<div><strong><br \/>\n<\/strong><\/div>\n","protected":false},"excerpt":{"rendered":"<p>SALVADOR: O prefeito eleito ACM Neto (DEM) j\u00e1 havia definido at\u00e9 as 20h desta quinta-feira (13) os nomes de dez secret\u00e1rios, a serem anunciados na manh\u00e3 desta sexta (14). As pastas da Casa Civil e Gest\u00e3o permaneciam sem titular. O coordenador da transi\u00e7\u00e3o, Paulo Souto, recusou o convite para assumir a Casa Civil. O ex-governador [&hellip;]<\/p>\n","protected":false},"author":2,"featured_media":0,"comment_status":"open","ping_status":"open","sticky":false,"template":"","format":"standard","meta":{"footnotes":"","_links_to":"","_links_to_target":""},"categories":[1],"tags":[],"class_list":["post-22720","post","type-post","status-publish","format-standard","hentry","category-geral"],"views":1133,"_links":{"self":[{"href":"https:\/\/www.sudoestehoje.com.br\/novoportal\/wp-json\/wp\/v2\/posts\/22720","targetHints":{"allow":["GET"]}}],"collection":[{"href":"https:\/\/www.sudoestehoje.com.br\/novoportal\/wp-json\/wp\/v2\/posts"}],"about":[{"href":"https:\/\/www.sudoestehoje.com.br\/novoportal\/wp-json\/wp\/v2\/types\/post"}],"author":[{"embeddable":true,"href":"https:\/\/www.sudoestehoje.com.br\/novoportal\/wp-json\/wp\/v2\/users\/2"}],"replies":[{"embeddable":true,"href":"https:\/\/www.sudoestehoje.com.br\/novoportal\/wp-json\/wp\/v2\/comments?post=22720"}],"version-history":[{"count":3,"href":"https:\/\/www.sudoestehoje.com.br\/novoportal\/wp-json\/wp\/v2\/posts\/22720\/revisions"}],"predecessor-version":[{"id":22723,"href":"https:\/\/www.sudoestehoje.com.br\/novoportal\/wp-json\/wp\/v2\/posts\/22720\/revisions\/22723"}],"wp:attachment":[{"href":"https:\/\/www.sudoestehoje.com.br\/novoportal\/wp-json\/wp\/v2\/media?parent=22720"}],"wp:term":[{"taxonomy":"category","embeddable":true,"href":"https:\/\/www.sudoestehoje.com.br\/novoportal\/wp-json\/wp\/v2\/categories?post=22720"},{"taxonomy":"post_tag","embeddable":true,"href":"https:\/\/www.sudoestehoje.com.br\/novoportal\/wp-json\/wp\/v2\/tags?post=22720"}],"curies":[{"name":"wp","href":"https:\/\/api.w.org\/{rel}","templated":true}]}}