
{"id":22714,"date":"2012-12-14T10:58:16","date_gmt":"2012-12-14T13:58:16","guid":{"rendered":"http:\/\/www.sudoestehoje.com.br\/novoportal\/?p=22714"},"modified":"2012-12-14T10:58:16","modified_gmt":"2012-12-14T13:58:16","slug":"itabuna-salvador-feira-e-conquista-na-lista-dos-dez-municipios-mais-violentos-para-jovens-no-brasil","status":"publish","type":"post","link":"https:\/\/www.sudoestehoje.com.br\/novoportal\/2012\/12\/14\/itabuna-salvador-feira-e-conquista-na-lista-dos-dez-municipios-mais-violentos-para-jovens-no-brasil\/","title":{"rendered":"ITABUNA, SALVADOR, FEIRA E CONQUISTA NA LISTA DOS DEZ MUNIC\u00cdPIOS MAIS VIOLENTOS PARA JOVENS NO BRASIL"},"content":{"rendered":"<p><img decoding=\"async\" class=\"aligncenter\" src=\"http:\/\/www.silvacalcados.com.br\/cidades\/itabuna.jpg\" alt=\"\" width=\"500\" \/><\/p>\n<p style=\"text-align: center;\"><em>Itabuna \u00e9 o munic\u00edpio mais violento para jovens no pa\u00eds<\/em><\/p>\n<p>&nbsp;<\/p>\n<p>Um novo estudo revela que Itabuna \u00e9 o munic\u00edpio brasileiro que apresenta a maior taxa de homic\u00eddios entre jovens em todo o Pa\u00eds. Os dados foram divulgados nesta quinta, 13, pela Secretaria de Direitos Humanos da Presid\u00eancia da Rep\u00fablica.<\/p>\n<p>Calculado com base em estudos do Laborat\u00f3rio de An\u00e1lise da Viol\u00eancia (LAV) da Universidade do Estado do Rio de Janeiro (Uerj), o \u00cdndice de Homic\u00eddios na Adolesc\u00eancia (IHA) de Itabuna atingiu 10,59 assassinatos a cada grupo de mil adolescentes em 2010. \u00c9 mais de tr\u00eas vezes a m\u00e9dia nacional (2,98 homic\u00eddios por grupo de mil jovens). O ranking considera apenas cidades que possuem mais de 200 mil habitantes.<!--more--><\/p>\n<p>O ranking dos dez munic\u00edpios brasileiros mais violentos para adolescentes apresenta ainda outros tr\u00eas munic\u00edpios baianos. Salvador, com 8,76 homic\u00eddios a cada grupo de mil adolescentes, aparece em quinto. Na sequ\u00eancia, v\u00eam Feira de Santana (8,39) e Vit\u00f3ria da Conquista (8,16).<\/p>\n<p>J\u00e1 em 2012, Itabuna atinge a marca de 165 homic\u00eddios. A maioria das mortes tem rela\u00e7\u00e3o com o tr\u00e1fico de drogas e boa parte das v\u00edtimas \u00e9 jovem com menos de 25 anos de idade.<\/p>\n","protected":false},"excerpt":{"rendered":"<p>Itabuna \u00e9 o munic\u00edpio mais violento para jovens no pa\u00eds &nbsp; Um novo estudo revela que Itabuna \u00e9 o munic\u00edpio brasileiro que apresenta a maior taxa de homic\u00eddios entre jovens em todo o Pa\u00eds. Os dados foram divulgados nesta quinta, 13, pela Secretaria de Direitos Humanos da Presid\u00eancia da Rep\u00fablica. Calculado com base em estudos [&hellip;]<\/p>\n","protected":false},"author":2,"featured_media":0,"comment_status":"open","ping_status":"open","sticky":false,"template":"","format":"standard","meta":{"footnotes":"","_links_to":"","_links_to_target":""},"categories":[1],"tags":[],"class_list":["post-22714","post","type-post","status-publish","format-standard","hentry","category-geral"],"views":1597,"_links":{"self":[{"href":"https:\/\/www.sudoestehoje.com.br\/novoportal\/wp-json\/wp\/v2\/posts\/22714","targetHints":{"allow":["GET"]}}],"collection":[{"href":"https:\/\/www.sudoestehoje.com.br\/novoportal\/wp-json\/wp\/v2\/posts"}],"about":[{"href":"https:\/\/www.sudoestehoje.com.br\/novoportal\/wp-json\/wp\/v2\/types\/post"}],"author":[{"embeddable":true,"href":"https:\/\/www.sudoestehoje.com.br\/novoportal\/wp-json\/wp\/v2\/users\/2"}],"replies":[{"embeddable":true,"href":"https:\/\/www.sudoestehoje.com.br\/novoportal\/wp-json\/wp\/v2\/comments?post=22714"}],"version-history":[{"count":3,"href":"https:\/\/www.sudoestehoje.com.br\/novoportal\/wp-json\/wp\/v2\/posts\/22714\/revisions"}],"predecessor-version":[{"id":22717,"href":"https:\/\/www.sudoestehoje.com.br\/novoportal\/wp-json\/wp\/v2\/posts\/22714\/revisions\/22717"}],"wp:attachment":[{"href":"https:\/\/www.sudoestehoje.com.br\/novoportal\/wp-json\/wp\/v2\/media?parent=22714"}],"wp:term":[{"taxonomy":"category","embeddable":true,"href":"https:\/\/www.sudoestehoje.com.br\/novoportal\/wp-json\/wp\/v2\/categories?post=22714"},{"taxonomy":"post_tag","embeddable":true,"href":"https:\/\/www.sudoestehoje.com.br\/novoportal\/wp-json\/wp\/v2\/tags?post=22714"}],"curies":[{"name":"wp","href":"https:\/\/api.w.org\/{rel}","templated":true}]}}