
{"id":22711,"date":"2012-12-14T10:36:02","date_gmt":"2012-12-14T13:36:02","guid":{"rendered":"http:\/\/www.sudoestehoje.com.br\/novoportal\/?p=22711"},"modified":"2012-12-14T10:36:02","modified_gmt":"2012-12-14T13:36:02","slug":"para-dilma-com-carinho","status":"publish","type":"post","link":"https:\/\/www.sudoestehoje.com.br\/novoportal\/2012\/12\/14\/para-dilma-com-carinho\/","title":{"rendered":"PARA DILMA, COM CARINHO&#8230;"},"content":{"rendered":"<p><img decoding=\"async\" class=\"aligncenter\" src=\"http:\/\/www.brasil247.com\/images\/cache\/1000x357\/crop\/images%7Ccms-image-000296798.jpg\" alt=\": \" width=\"500\" \/><\/p>\n<p>&nbsp;<\/p>\n<p>Ao pedir, como presente de anivers\u00e1rio, investimentos para os empres\u00e1rios, a sargitariana Dilma Rousseff, que hoje completa 65 anos, deixou aberta a senha para que outros personagens e grupos sociais tamb\u00e9m ofere\u00e7am a ela solu\u00e7\u00f5es espec\u00edficas em lugar dos problemas pontuais.<\/p>\n<p>Nascida no mesmo dia e m\u00eas do profeta Nostradamus (1503-1566), a presidente bem que merece ter boas not\u00edcias nesta data. Segundo o site http:\/\/www.significado.origem.nom.br\/, seu nome pr\u00f3prio indica uma personalidade repleta de qualidades, assim definidas ali:<\/p>\n<p>&#8220;Muito atenciosa e apegada \u00e0 fam\u00edlia, possui um senso maternal muito forte, \u00e9 o tipo de pessoa que gosta de se sentir \u00fatil e necess\u00e1ria, com isso chega a assumir mais responsabilidades do que realmente pode suportar. N\u00e3o costuma voltar atras em suas palavras. Muito ocupada, raramente se permite algumas horas livres para o lazer. Mas deve tomar cuidade em n\u00e3o se tornar dependente ou infantil ao extremo, para isso n\u00e3o deve se pendurar nos outros.&#8221;<\/p>\n<p>Tudo a ver com a aniversariante, certo?<\/p>\n<p>Agora, aos presentes que ela gostaria de receber:<!--more--><\/p>\n<p>De Lula: um ano sem ser not\u00edcia<\/p>\n<p>De D. Marisa: sua presen\u00e7a \u00e9 o que vale!<\/p>\n<p>De Rosemary Noronha: quem te convidou?<\/p>\n<p>Dos aloprados do PT: paz<\/p>\n<p>De Fernando Henrique: uma oposi\u00e7\u00e3o mais carinhosa<\/p>\n<p>De Joaquim Barbosa: dist\u00e2ncia regulamentar<\/p>\n<p>De Marco Maia: vota\u00e7\u00f5es<\/p>\n<p>De Jos\u00e9 Sarney: o cumprimento da palavra, pode ser?<\/p>\n<p>Do ministro da Justi\u00e7a Jos\u00e9 Eduardo Cardozo: melhores auxiliares<\/p>\n<p>Do advogado geral da Uni\u00e3o Luiz Adams: a carta de demiss\u00e3o<\/p>\n<p>Da Pol\u00edcia Federal: menos estardalha\u00e7o (e dist\u00e2ncia regulamentar tamb\u00e9m)<\/p>\n<p>De Guido Mantega: um pib\u00e3o<\/p>\n<p>Dos banqueiros: fim da campanha contra Guido Mantega e seu pibinho<\/p>\n<p>Do senador A\u00e9cio Neves: maneirismo e mineirismo<\/p>\n<p>Do governador Eduardo Campos: volta ao passado<\/p>\n<p>Do governador S\u00e9rgio Cabral: compreens\u00e3o, a culpa n\u00e3o \u00e9 minha!<\/p>\n<p>De Eike Batista: um troca &#8211; a\u00e7\u00e3o em lugar do xaveco<\/p>\n<p>De Cristina Kirchner: menos<\/p>\n<p>De Angela Merkel: mais<\/p>\n<p>De Barack Obama: mais e menos<\/p>\n<p>Da m\u00eddia tracional: zerar a press\u00e3o para romper com Lula<\/p>\n<p>Da revista Veja: equil\u00edbrio<\/p>\n<p>Da Economist: uma capa sobre os avan\u00e7os sociais do Brasil<\/p>\n<p>De Neymar: ser\u00a0 melhor do mundo em 2013!<\/p>\n<p>Do t\u00e9cnico Luis Felipe Scolari: a Copa, claro!!<\/p>\n<p>Do povo brasileiro: a reelei\u00e7\u00e3o em 2014, \u00f3bvio!!!<\/p>\n","protected":false},"excerpt":{"rendered":"<p>&nbsp; Ao pedir, como presente de anivers\u00e1rio, investimentos para os empres\u00e1rios, a sargitariana Dilma Rousseff, que hoje completa 65 anos, deixou aberta a senha para que outros personagens e grupos sociais tamb\u00e9m ofere\u00e7am a ela solu\u00e7\u00f5es espec\u00edficas em lugar dos problemas pontuais. Nascida no mesmo dia e m\u00eas do profeta Nostradamus (1503-1566), a presidente bem [&hellip;]<\/p>\n","protected":false},"author":2,"featured_media":0,"comment_status":"open","ping_status":"open","sticky":false,"template":"","format":"standard","meta":{"footnotes":"","_links_to":"","_links_to_target":""},"categories":[1],"tags":[],"class_list":["post-22711","post","type-post","status-publish","format-standard","hentry","category-geral"],"views":1132,"_links":{"self":[{"href":"https:\/\/www.sudoestehoje.com.br\/novoportal\/wp-json\/wp\/v2\/posts\/22711","targetHints":{"allow":["GET"]}}],"collection":[{"href":"https:\/\/www.sudoestehoje.com.br\/novoportal\/wp-json\/wp\/v2\/posts"}],"about":[{"href":"https:\/\/www.sudoestehoje.com.br\/novoportal\/wp-json\/wp\/v2\/types\/post"}],"author":[{"embeddable":true,"href":"https:\/\/www.sudoestehoje.com.br\/novoportal\/wp-json\/wp\/v2\/users\/2"}],"replies":[{"embeddable":true,"href":"https:\/\/www.sudoestehoje.com.br\/novoportal\/wp-json\/wp\/v2\/comments?post=22711"}],"version-history":[{"count":1,"href":"https:\/\/www.sudoestehoje.com.br\/novoportal\/wp-json\/wp\/v2\/posts\/22711\/revisions"}],"predecessor-version":[{"id":22712,"href":"https:\/\/www.sudoestehoje.com.br\/novoportal\/wp-json\/wp\/v2\/posts\/22711\/revisions\/22712"}],"wp:attachment":[{"href":"https:\/\/www.sudoestehoje.com.br\/novoportal\/wp-json\/wp\/v2\/media?parent=22711"}],"wp:term":[{"taxonomy":"category","embeddable":true,"href":"https:\/\/www.sudoestehoje.com.br\/novoportal\/wp-json\/wp\/v2\/categories?post=22711"},{"taxonomy":"post_tag","embeddable":true,"href":"https:\/\/www.sudoestehoje.com.br\/novoportal\/wp-json\/wp\/v2\/tags?post=22711"}],"curies":[{"name":"wp","href":"https:\/\/api.w.org\/{rel}","templated":true}]}}