
{"id":22702,"date":"2012-12-14T10:37:16","date_gmt":"2012-12-14T13:37:16","guid":{"rendered":"http:\/\/www.sudoestehoje.com.br\/novoportal\/?p=22702"},"modified":"2012-12-14T11:00:33","modified_gmt":"2012-12-14T14:00:33","slug":"itapetinga-upa-24h-sobrevive-em-peticao-de-miseria","status":"publish","type":"post","link":"https:\/\/www.sudoestehoje.com.br\/novoportal\/2012\/12\/14\/itapetinga-upa-24h-sobrevive-em-peticao-de-miseria\/","title":{"rendered":"ITAPETINGA: UPA 24H SOBREVIVE EM PETI\u00c7\u00c3O DE MIS\u00c9RIA"},"content":{"rendered":"<p><img decoding=\"async\" class=\"aligncenter\" src=\"http:\/\/4.bp.blogspot.com\/-4MeB9cRFcrM\/T6v0F19LQXI\/AAAAAAAALxs\/w_vA8TExc1k\/s1600\/DEPOIS+(6).JPG\" alt=\"\" width=\"500\" \/><\/p>\n<p style=\"text-align: center;\"><em>\u00a0UPA est\u00e1 com o telefone cortado e falta at\u00e9 papel higi\u00eanico<\/em><\/p>\n<p>&nbsp;<\/p>\n<p>Idealizada e constru\u00edda com recursos do governo federal para ser uma alternativa nos atendimentos de emerg\u00eancia, capaz de desafogar os hospitais conveniados \u00e0 rede p\u00fablica de sa\u00fade, a UPA de Itapetinga sobrevive \u00e0 duras penas e mais se assemelha aos antiquados e prec\u00e1rios PSFs, na sua maioria desativados pela falta dos m\u00ednimos recursos para o seu funcionamento.<\/p>\n<p>Inaugurado \u00e0s pressas nas v\u00e9speras da elei\u00e7\u00e3o, a UPA de Itapetinga foi &#8216;equipada&#8217; com mobili\u00e1rios e aparelhagens emprestados de terceiros ou deslocados dos pr\u00f3prios PSFs, e agora enfrenta graves problemas: falta de material para atendimento, equipe m\u00e9dica e de apoio incompleta, telefone cortado por falta de pagamento, dentre outros, apesar das gordas verbas repassadas pelo governo federal para a sua manuten\u00e7\u00e3o.<!--more--><\/p>\n<p>Segundo relato de funcion\u00e1rios, nos \u00faltimos dias tem faltado at\u00e9 papel higi\u00eanico para uso da equipe m\u00e9dica e de apoio, sem contar com atraso dos sal\u00e1rios, que s\u00f3 foram pagos no m\u00eas de setembro, depois da inaugura\u00e7\u00e3o, restando o pagamento de outubro e novembro.<\/p>\n<p>Do jeito que vai, fecha a qualquer momento.<\/p>\n<p><strong><em>Por Davi Ferraz<\/em><\/strong><\/p>\n<p>&nbsp;<\/p>\n","protected":false},"excerpt":{"rendered":"<p>\u00a0UPA est\u00e1 com o telefone cortado e falta at\u00e9 papel higi\u00eanico &nbsp; Idealizada e constru\u00edda com recursos do governo federal para ser uma alternativa nos atendimentos de emerg\u00eancia, capaz de desafogar os hospitais conveniados \u00e0 rede p\u00fablica de sa\u00fade, a UPA de Itapetinga sobrevive \u00e0 duras penas e mais se assemelha aos antiquados e prec\u00e1rios [&hellip;]<\/p>\n","protected":false},"author":2,"featured_media":0,"comment_status":"open","ping_status":"open","sticky":false,"template":"","format":"standard","meta":{"footnotes":"","_links_to":"","_links_to_target":""},"categories":[1],"tags":[],"class_list":["post-22702","post","type-post","status-publish","format-standard","hentry","category-geral"],"views":1918,"_links":{"self":[{"href":"https:\/\/www.sudoestehoje.com.br\/novoportal\/wp-json\/wp\/v2\/posts\/22702","targetHints":{"allow":["GET"]}}],"collection":[{"href":"https:\/\/www.sudoestehoje.com.br\/novoportal\/wp-json\/wp\/v2\/posts"}],"about":[{"href":"https:\/\/www.sudoestehoje.com.br\/novoportal\/wp-json\/wp\/v2\/types\/post"}],"author":[{"embeddable":true,"href":"https:\/\/www.sudoestehoje.com.br\/novoportal\/wp-json\/wp\/v2\/users\/2"}],"replies":[{"embeddable":true,"href":"https:\/\/www.sudoestehoje.com.br\/novoportal\/wp-json\/wp\/v2\/comments?post=22702"}],"version-history":[{"count":6,"href":"https:\/\/www.sudoestehoje.com.br\/novoportal\/wp-json\/wp\/v2\/posts\/22702\/revisions"}],"predecessor-version":[{"id":22718,"href":"https:\/\/www.sudoestehoje.com.br\/novoportal\/wp-json\/wp\/v2\/posts\/22702\/revisions\/22718"}],"wp:attachment":[{"href":"https:\/\/www.sudoestehoje.com.br\/novoportal\/wp-json\/wp\/v2\/media?parent=22702"}],"wp:term":[{"taxonomy":"category","embeddable":true,"href":"https:\/\/www.sudoestehoje.com.br\/novoportal\/wp-json\/wp\/v2\/categories?post=22702"},{"taxonomy":"post_tag","embeddable":true,"href":"https:\/\/www.sudoestehoje.com.br\/novoportal\/wp-json\/wp\/v2\/tags?post=22702"}],"curies":[{"name":"wp","href":"https:\/\/api.w.org\/{rel}","templated":true}]}}