
{"id":22690,"date":"2012-12-14T09:38:16","date_gmt":"2012-12-14T12:38:16","guid":{"rendered":"http:\/\/www.sudoestehoje.com.br\/novoportal\/?p=22690"},"modified":"2012-12-14T09:38:16","modified_gmt":"2012-12-14T12:38:16","slug":"salvador-acm-neto-anuncia-equipe-de-governo-nesta-sexta","status":"publish","type":"post","link":"https:\/\/www.sudoestehoje.com.br\/novoportal\/2012\/12\/14\/salvador-acm-neto-anuncia-equipe-de-governo-nesta-sexta\/","title":{"rendered":"SALVADOR: ACM NETO ANUNCIA EQUIPE DE GOVERNO NESTA SEXTA"},"content":{"rendered":"<p><img decoding=\"async\" class=\"aligncenter\" src=\"http:\/\/www.brasil247.com\/images\/cache\/1000x357\/crop\/images%7Ccms-image-000296760.jpg\" alt=\"Edi\u00e7\u00e3o 247: ACM Neto, anuncia, secret\u00e1rios\" width=\"500\" \/><\/p>\n<p>&nbsp;<\/p>\n<p>O prefeito eleito de Salvador tem buscado sigilo absoluto sobre os nomes que compor\u00e3o sua equipe de governo, mas nos bastidores da pol\u00edtica e da imprensa as especula\u00e7\u00f5es n\u00e3o cessam; s\u00e3o dadas como certas figuras como o presidente do DEM na Bahia, Jos\u00e9 Carlos Aleluia, e o ex-governador Paulo Souto, tamb\u00e9m do DEM.<!--more--><\/p>\n<p>O prefeito eleito ACM Neto, do DEM, apresenta nesta sexta-feira (14) o time que lhe ajudar\u00e1 a governar Salvador a partir de 1\u00ba de janeiro. Mantido em sigilo quase que absoluto, o secretariado do democrata continua especulado na seara pol\u00edtica e na imprensa tamb\u00e9m. Apresenta\u00e7\u00e3o do secretariado acontece no Centro de Cultura da C\u00e2mara Municipal \u00e0s 11h30.<\/p>\n<p>Por ora, \u00e9 confirmado apenas o nome de Mauro Ricardo Costa para a Fazenda (Sefaz), mas h\u00e1 nomes considerados como certos, tais como o do presidente do DEM na Bahia, o ex-deputado Jos\u00e9 Carlos Aleluia, para a Secretaria de Urbanismo e Transportes; e o do ex-governador Paulo Souto, que dever\u00e1 assumir a articula\u00e7\u00e3o pol\u00edtica de ACM \u00e0 frente da Casa Civil da Prefeitura.<\/p>\n<p>Ainda no rol das especula\u00e7\u00f5es, est\u00e3o cotados nomes como o do atual secret\u00e1rio da Educa\u00e7\u00e3o, Jo\u00e3o Carlos Bacelar, para permanecer na pasta; de Jos\u00e9 Antonio Rodrigues, para a Sa\u00fade; e do presidente do PV na Bahia, Ivanilson Gomes, para a Cidade Sustent\u00e1vel. Bacelar e Ivanilson est\u00e3o na cota do PTN e do PV, respectivamente.<\/p>\n<p>Entre os aliados, ACM Neto precisa contemplar ainda PSDB, o PMDB, cujo nome mais cotado \u00e9 o do presidente da C\u00e2mara, vereador Pedro Godinho, que n\u00e3o conseguiu se reeleger; e o PPS, cujo nome especulado \u00e9 o do vereador Joceval Rodrigues, que poder\u00e1 assumir a Secretaria da Promo\u00e7\u00e3o Social e Combate \u00e0 Pobreza. Para esta, \u00e9 cogitado tamb\u00e9m o nome do deputado federal Maur\u00edcio Trindade, do PR.<\/p>\n<p>Apesar de oficialmente poder manter o mandato de deputado federal at\u00e9 o pr\u00f3ximo dia 31, v\u00e9spera da posse como prefeito de Salvador, ACM pode deixar o cargo nesta ter\u00e7a-feira (11) ou quarta (12), segundo mat\u00e9ria publicada na Tribuna da Bahia.<\/p>\n<p>Est\u00e1 com o jovem prefeito eleito tamb\u00e9m a incumb\u00eancia de indicar seu sucessor no comando do DEM na C\u00e2mara Federal. ACM articula o pr\u00f3ximo l\u00edder com o presidente nacional do DEM, senador Jos\u00e9 Agripino.<\/p>\n<div><\/div>\n","protected":false},"excerpt":{"rendered":"<p>&nbsp; O prefeito eleito de Salvador tem buscado sigilo absoluto sobre os nomes que compor\u00e3o sua equipe de governo, mas nos bastidores da pol\u00edtica e da imprensa as especula\u00e7\u00f5es n\u00e3o cessam; s\u00e3o dadas como certas figuras como o presidente do DEM na Bahia, Jos\u00e9 Carlos Aleluia, e o ex-governador Paulo Souto, tamb\u00e9m do DEM.<\/p>\n","protected":false},"author":2,"featured_media":0,"comment_status":"open","ping_status":"open","sticky":false,"template":"","format":"standard","meta":{"footnotes":"","_links_to":"","_links_to_target":""},"categories":[1],"tags":[],"class_list":["post-22690","post","type-post","status-publish","format-standard","hentry","category-geral"],"views":1067,"_links":{"self":[{"href":"https:\/\/www.sudoestehoje.com.br\/novoportal\/wp-json\/wp\/v2\/posts\/22690","targetHints":{"allow":["GET"]}}],"collection":[{"href":"https:\/\/www.sudoestehoje.com.br\/novoportal\/wp-json\/wp\/v2\/posts"}],"about":[{"href":"https:\/\/www.sudoestehoje.com.br\/novoportal\/wp-json\/wp\/v2\/types\/post"}],"author":[{"embeddable":true,"href":"https:\/\/www.sudoestehoje.com.br\/novoportal\/wp-json\/wp\/v2\/users\/2"}],"replies":[{"embeddable":true,"href":"https:\/\/www.sudoestehoje.com.br\/novoportal\/wp-json\/wp\/v2\/comments?post=22690"}],"version-history":[{"count":3,"href":"https:\/\/www.sudoestehoje.com.br\/novoportal\/wp-json\/wp\/v2\/posts\/22690\/revisions"}],"predecessor-version":[{"id":22693,"href":"https:\/\/www.sudoestehoje.com.br\/novoportal\/wp-json\/wp\/v2\/posts\/22690\/revisions\/22693"}],"wp:attachment":[{"href":"https:\/\/www.sudoestehoje.com.br\/novoportal\/wp-json\/wp\/v2\/media?parent=22690"}],"wp:term":[{"taxonomy":"category","embeddable":true,"href":"https:\/\/www.sudoestehoje.com.br\/novoportal\/wp-json\/wp\/v2\/categories?post=22690"},{"taxonomy":"post_tag","embeddable":true,"href":"https:\/\/www.sudoestehoje.com.br\/novoportal\/wp-json\/wp\/v2\/tags?post=22690"}],"curies":[{"name":"wp","href":"https:\/\/api.w.org\/{rel}","templated":true}]}}