
{"id":22686,"date":"2012-12-14T09:34:12","date_gmt":"2012-12-14T12:34:12","guid":{"rendered":"http:\/\/www.sudoestehoje.com.br\/novoportal\/?p=22686"},"modified":"2012-12-14T09:34:12","modified_gmt":"2012-12-14T12:34:12","slug":"azaleia-wagner-pede-prorrogacao-de-seguro-desemprego-para-demitidos","status":"publish","type":"post","link":"https:\/\/www.sudoestehoje.com.br\/novoportal\/2012\/12\/14\/azaleia-wagner-pede-prorrogacao-de-seguro-desemprego-para-demitidos\/","title":{"rendered":"AZALEIA: WAGNER PEDE PRORROGA\u00c7\u00c3O DE SEGURO DESEMPREGO PARA DEMITIDOS"},"content":{"rendered":"<p><img decoding=\"async\" class=\"aligncenter\" src=\"http:\/\/www.brasil247.com\/images\/cache\/1000x357\/crop_0_12_1207_443\/images%7Ccms-image-000296762.jpg\" alt=\"Divulga\u00e7\u00e3o: Wagner, Caixa, Azaleia\" width=\"500\" \/><\/p>\n<p>&nbsp;<\/p>\n<p>O governador se reuniu com tr\u00eas ministros em Bras\u00edlia para tratar das mais de quatro mil demiss\u00f5es que o fechamento da f\u00e1brica da Vulcabras\/Azaleia causou na Bahia; ao ministro do Trabalho, o petista pediu a prorroga\u00e7\u00e3o do seguro-desemprego por mais dois meses, a fim de reduzir o impacto das demiss\u00f5es na regi\u00e3o de Itapetinga.<!--more--><\/p>\n<p>O governador Jaques Wagner se reuniu nesta quinta-feira (13) em Bras\u00edlia com os ministros do Trabalho, Brizola Neto; das Rela\u00e7\u00f5es Institucionais, Ideli Salvatti; e do Desenvolvimento, Ind\u00fastria e Com\u00e9rcio Exterior, Fernando Pimentel; para tratar das mais de quatro mil demiss\u00f5es que o fechamento da f\u00e1brica da Vulcabras\/Azaleia causou na Bahia.<\/p>\n<p>A f\u00e1brica de cal\u00e7ados fechou 12 unidades instaladas em seis munic\u00edpios baianos, localizados na regi\u00e3o de Itapetinga. Com o ministro do Trabalho, Wagner pediu a prorroga\u00e7\u00e3o do seguro-desemprego por mais dois meses, a fim de reduzir o impacto das demiss\u00f5es na regi\u00e3o.<\/p>\n<p>J\u00e1 com Ideli Salvatti e Fernando Pimentel, o governador Wagner conversou sobre medidas antidumping contra a importa\u00e7\u00e3o de cal\u00e7ados do exterior, que chegam ao Pa\u00eds por um pre\u00e7o excessivamente baixo, em geral abaixo do custo de produ\u00e7\u00e3o, que compromete a competitividade das f\u00e1bricas nacionais.<\/p>\n<p>Wagner disse ainda que a Secretaria Estadual da Ind\u00fastria, Com\u00e9rcio e Minera\u00e7\u00e3o vem trabalhando no sentido de atrair novos investidores para a regi\u00e3o de modo a reposicionar os empregos da regi\u00e3o onde est\u00e3o as unidades fabris da Vulcabras\/Azaleia.<\/p>\n<p>Mais cedo, o petista participou do\u00a0evento Caixa 2012 \u2013 Diretrizes para 2013, no qual o governador analisou o atual panorama econ\u00f4mico do Brasil, a atua\u00e7\u00e3o da Caixa Econ\u00f4mica Federal\u00a0nesse cen\u00e1rio e a rela\u00e7\u00e3o do Governo da Bahia com a institui\u00e7\u00e3o.<\/p>\n<p>Ele afirmou que governo do estado est\u00e1 promovendo a\u00e7\u00f5es para a requalifica\u00e7\u00e3o dos profissionais e o seu reposicionamento para outras empresas na Bahia.<\/p>\n<div><\/div>\n<p>&nbsp;<\/p>\n<div><\/div>\n","protected":false},"excerpt":{"rendered":"<p>&nbsp; O governador se reuniu com tr\u00eas ministros em Bras\u00edlia para tratar das mais de quatro mil demiss\u00f5es que o fechamento da f\u00e1brica da Vulcabras\/Azaleia causou na Bahia; ao ministro do Trabalho, o petista pediu a prorroga\u00e7\u00e3o do seguro-desemprego por mais dois meses, a fim de reduzir o impacto das demiss\u00f5es na regi\u00e3o de Itapetinga.<\/p>\n","protected":false},"author":2,"featured_media":0,"comment_status":"open","ping_status":"open","sticky":false,"template":"","format":"standard","meta":{"footnotes":"","_links_to":"","_links_to_target":""},"categories":[1],"tags":[],"class_list":["post-22686","post","type-post","status-publish","format-standard","hentry","category-geral"],"views":1224,"_links":{"self":[{"href":"https:\/\/www.sudoestehoje.com.br\/novoportal\/wp-json\/wp\/v2\/posts\/22686","targetHints":{"allow":["GET"]}}],"collection":[{"href":"https:\/\/www.sudoestehoje.com.br\/novoportal\/wp-json\/wp\/v2\/posts"}],"about":[{"href":"https:\/\/www.sudoestehoje.com.br\/novoportal\/wp-json\/wp\/v2\/types\/post"}],"author":[{"embeddable":true,"href":"https:\/\/www.sudoestehoje.com.br\/novoportal\/wp-json\/wp\/v2\/users\/2"}],"replies":[{"embeddable":true,"href":"https:\/\/www.sudoestehoje.com.br\/novoportal\/wp-json\/wp\/v2\/comments?post=22686"}],"version-history":[{"count":3,"href":"https:\/\/www.sudoestehoje.com.br\/novoportal\/wp-json\/wp\/v2\/posts\/22686\/revisions"}],"predecessor-version":[{"id":22689,"href":"https:\/\/www.sudoestehoje.com.br\/novoportal\/wp-json\/wp\/v2\/posts\/22686\/revisions\/22689"}],"wp:attachment":[{"href":"https:\/\/www.sudoestehoje.com.br\/novoportal\/wp-json\/wp\/v2\/media?parent=22686"}],"wp:term":[{"taxonomy":"category","embeddable":true,"href":"https:\/\/www.sudoestehoje.com.br\/novoportal\/wp-json\/wp\/v2\/categories?post=22686"},{"taxonomy":"post_tag","embeddable":true,"href":"https:\/\/www.sudoestehoje.com.br\/novoportal\/wp-json\/wp\/v2\/tags?post=22686"}],"curies":[{"name":"wp","href":"https:\/\/api.w.org\/{rel}","templated":true}]}}