
{"id":22632,"date":"2012-12-11T00:03:14","date_gmt":"2012-12-11T03:03:14","guid":{"rendered":"http:\/\/www.sudoestehoje.com.br\/novoportal\/?p=22632"},"modified":"2012-12-11T00:03:14","modified_gmt":"2012-12-11T03:03:14","slug":"comercio-de-itapetinga-vai-funcionar-no-aniversario-da-cidade","status":"publish","type":"post","link":"https:\/\/www.sudoestehoje.com.br\/novoportal\/2012\/12\/11\/comercio-de-itapetinga-vai-funcionar-no-aniversario-da-cidade\/","title":{"rendered":"COM\u00c9RCIO DE ITAPETINGA VAI FUNCIONAR NO ANIVERS\u00c1RIO DA CIDADE"},"content":{"rendered":"<p><img decoding=\"async\" class=\"aligncenter\" src=\"http:\/\/www.sudoestehoje.com.br\/novoportal\/wp-content\/uploads\/2012\/02\/100_6971.jpg\" alt=\"\" width=\"400\" \/><\/p>\n<p>&nbsp;<\/p>\n<p>Os lojistas de Itapetinga atrav\u00e9s do CDL firmaram acordo com o Sindicato dos Comerci\u00e1rios para o com\u00e9rcio funcionar na pr\u00f3xima quarta-feira dia 12, feriado municipal do anivers\u00e1rio de Itapetinga. As lojas ficar\u00e3o abertas das 9 \u00e0s 15 h e em troca a categoria ir\u00e1 folgar no dia 31 v\u00e9spera de ano novo.<\/p>\n<p>Segundo\u00a0<strong>Welliton Brito<\/strong>\u00a0o acordo foi favor\u00e1vel aos comerci\u00e1rios que poder\u00e3o viajar e desfrutar do feriado prolongado, j\u00e1 que s\u00f3 voltar\u00e3o a trabalhar no dia 02 de Janeiro.<\/p>\n<p>Com o acordo o CDL espera que muitos itapetinguenses fa\u00e7am suas compras no com\u00e9rcio local sem precisar viajar para Conquista, como normalmente acontece todos os anos. Informa\u00e7\u00f5es Blog do Z\u00e9 Ferreira<\/p>\n","protected":false},"excerpt":{"rendered":"<p>&nbsp; Os lojistas de Itapetinga atrav\u00e9s do CDL firmaram acordo com o Sindicato dos Comerci\u00e1rios para o com\u00e9rcio funcionar na pr\u00f3xima quarta-feira dia 12, feriado municipal do anivers\u00e1rio de Itapetinga. As lojas ficar\u00e3o abertas das 9 \u00e0s 15 h e em troca a categoria ir\u00e1 folgar no dia 31 v\u00e9spera de ano novo. Segundo\u00a0Welliton Brito\u00a0o [&hellip;]<\/p>\n","protected":false},"author":2,"featured_media":0,"comment_status":"open","ping_status":"open","sticky":false,"template":"","format":"standard","meta":{"footnotes":"","_links_to":"","_links_to_target":""},"categories":[1],"tags":[],"class_list":["post-22632","post","type-post","status-publish","format-standard","hentry","category-geral"],"views":2069,"_links":{"self":[{"href":"https:\/\/www.sudoestehoje.com.br\/novoportal\/wp-json\/wp\/v2\/posts\/22632","targetHints":{"allow":["GET"]}}],"collection":[{"href":"https:\/\/www.sudoestehoje.com.br\/novoportal\/wp-json\/wp\/v2\/posts"}],"about":[{"href":"https:\/\/www.sudoestehoje.com.br\/novoportal\/wp-json\/wp\/v2\/types\/post"}],"author":[{"embeddable":true,"href":"https:\/\/www.sudoestehoje.com.br\/novoportal\/wp-json\/wp\/v2\/users\/2"}],"replies":[{"embeddable":true,"href":"https:\/\/www.sudoestehoje.com.br\/novoportal\/wp-json\/wp\/v2\/comments?post=22632"}],"version-history":[{"count":2,"href":"https:\/\/www.sudoestehoje.com.br\/novoportal\/wp-json\/wp\/v2\/posts\/22632\/revisions"}],"predecessor-version":[{"id":22634,"href":"https:\/\/www.sudoestehoje.com.br\/novoportal\/wp-json\/wp\/v2\/posts\/22632\/revisions\/22634"}],"wp:attachment":[{"href":"https:\/\/www.sudoestehoje.com.br\/novoportal\/wp-json\/wp\/v2\/media?parent=22632"}],"wp:term":[{"taxonomy":"category","embeddable":true,"href":"https:\/\/www.sudoestehoje.com.br\/novoportal\/wp-json\/wp\/v2\/categories?post=22632"},{"taxonomy":"post_tag","embeddable":true,"href":"https:\/\/www.sudoestehoje.com.br\/novoportal\/wp-json\/wp\/v2\/tags?post=22632"}],"curies":[{"name":"wp","href":"https:\/\/api.w.org\/{rel}","templated":true}]}}