
{"id":22628,"date":"2012-12-10T23:53:03","date_gmt":"2012-12-11T02:53:03","guid":{"rendered":"http:\/\/www.sudoestehoje.com.br\/novoportal\/?p=22628"},"modified":"2012-12-10T23:53:03","modified_gmt":"2012-12-11T02:53:03","slug":"conquista-coligacao-pede-cassacao-do-diploma-de-guilherme","status":"publish","type":"post","link":"https:\/\/www.sudoestehoje.com.br\/novoportal\/2012\/12\/10\/conquista-coligacao-pede-cassacao-do-diploma-de-guilherme\/","title":{"rendered":"CONQUISTA: COLIGA\u00c7\u00c3O PEDE CASSA\u00c7\u00c3O DO DIPLOMA DE GUILHERME"},"content":{"rendered":"<p><img decoding=\"async\" class=\"aligncenter\" src=\"http:\/\/www.blogdaresenhageral.com.br\/v1\/wp-content\/uploads\/guigui.jpg\" alt=\"\" width=\"400\" \/><\/p>\n<p>&nbsp;<\/p>\n<p><strong><em>Resenha Geral<\/em><\/strong><\/p>\n<p>A Coliga\u00e7\u00e3o Conquista Quer Mudar, formada pelo PMDB, PSDB, DEM, PMN e PRP, nesta ter\u00e7a-feira (11), entra na Justi\u00e7a Eleitoral em Vit\u00f3ria da Conquista, propondo uma\u00a0<strong>A\u00c7\u00c3O DE INVESTIGA\u00c7\u00c3O<\/strong>\u00a0<strong>JUDICIAL ELEITORAL<\/strong>\u00a0contra os candidatos da Frente Conquista Popular, Guilherme Menezes (PT) e Jo\u00e1s Meira (PSB).<\/p>\n<p>Uma vasta documenta\u00e7\u00e3o ser\u00e1 apresentada na Justi\u00e7a para que os supostos crimes eleitorais sejam investigados. Abuso do poder econ\u00f4mico, compra de votos na cidade e zona rural, contrata\u00e7\u00f5es de servidores p\u00fablicos em per\u00edodo vedado pela legisla\u00e7\u00e3o eleitoral, uso da m\u00e1quina e uso de bens p\u00fablicos na campanha fundamentam a referida A\u00c7\u00c3O.<\/p>\n<p>O pedido ser\u00e1 protocolado amanh\u00e3 (ter\u00e7a-feira), \u00e0s 10 horas. Herzem Gusm\u00e3o (PMDB), candidato a prefeito e Claudionor Dutra PSDB), candidato a vice, acompanhados dos seus advogados, presidentes de partidos aliados e vereadores, \u00a0protocolar\u00e3o a A\u00c7\u00c3O, \u00a0amanh\u00e3 \u00e0s 10 horas no F\u00f3rum Eleitoral que comanda a 39\u00aa,40\u00aa e 41\u00aa zonas eleitorais da cidade.<\/p>\n","protected":false},"excerpt":{"rendered":"<p>&nbsp; Resenha Geral A Coliga\u00e7\u00e3o Conquista Quer Mudar, formada pelo PMDB, PSDB, DEM, PMN e PRP, nesta ter\u00e7a-feira (11), entra na Justi\u00e7a Eleitoral em Vit\u00f3ria da Conquista, propondo uma\u00a0A\u00c7\u00c3O DE INVESTIGA\u00c7\u00c3O\u00a0JUDICIAL ELEITORAL\u00a0contra os candidatos da Frente Conquista Popular, Guilherme Menezes (PT) e Jo\u00e1s Meira (PSB). Uma vasta documenta\u00e7\u00e3o ser\u00e1 apresentada na Justi\u00e7a para que os [&hellip;]<\/p>\n","protected":false},"author":2,"featured_media":0,"comment_status":"open","ping_status":"open","sticky":false,"template":"","format":"standard","meta":{"footnotes":"","_links_to":"","_links_to_target":""},"categories":[1],"tags":[],"class_list":["post-22628","post","type-post","status-publish","format-standard","hentry","category-geral"],"views":1095,"_links":{"self":[{"href":"https:\/\/www.sudoestehoje.com.br\/novoportal\/wp-json\/wp\/v2\/posts\/22628","targetHints":{"allow":["GET"]}}],"collection":[{"href":"https:\/\/www.sudoestehoje.com.br\/novoportal\/wp-json\/wp\/v2\/posts"}],"about":[{"href":"https:\/\/www.sudoestehoje.com.br\/novoportal\/wp-json\/wp\/v2\/types\/post"}],"author":[{"embeddable":true,"href":"https:\/\/www.sudoestehoje.com.br\/novoportal\/wp-json\/wp\/v2\/users\/2"}],"replies":[{"embeddable":true,"href":"https:\/\/www.sudoestehoje.com.br\/novoportal\/wp-json\/wp\/v2\/comments?post=22628"}],"version-history":[{"count":3,"href":"https:\/\/www.sudoestehoje.com.br\/novoportal\/wp-json\/wp\/v2\/posts\/22628\/revisions"}],"predecessor-version":[{"id":22631,"href":"https:\/\/www.sudoestehoje.com.br\/novoportal\/wp-json\/wp\/v2\/posts\/22628\/revisions\/22631"}],"wp:attachment":[{"href":"https:\/\/www.sudoestehoje.com.br\/novoportal\/wp-json\/wp\/v2\/media?parent=22628"}],"wp:term":[{"taxonomy":"category","embeddable":true,"href":"https:\/\/www.sudoestehoje.com.br\/novoportal\/wp-json\/wp\/v2\/categories?post=22628"},{"taxonomy":"post_tag","embeddable":true,"href":"https:\/\/www.sudoestehoje.com.br\/novoportal\/wp-json\/wp\/v2\/tags?post=22628"}],"curies":[{"name":"wp","href":"https:\/\/api.w.org\/{rel}","templated":true}]}}