
{"id":22615,"date":"2012-12-09T19:07:49","date_gmt":"2012-12-09T22:07:49","guid":{"rendered":"http:\/\/www.sudoestehoje.com.br\/novoportal\/?p=22615"},"modified":"2012-12-09T19:08:07","modified_gmt":"2012-12-09T22:08:07","slug":"bahia-era-uma-das-principais-areaeas-de-atuacao-da-quadrilha-de-rosemary","status":"publish","type":"post","link":"https:\/\/www.sudoestehoje.com.br\/novoportal\/2012\/12\/09\/bahia-era-uma-das-principais-areaeas-de-atuacao-da-quadrilha-de-rosemary\/","title":{"rendered":"BAHIA ERA UMA DAS PRINCIPAIS \u00c1REAS DE ATUA\u00c7\u00c3O DA QUADRILHA DE ROSEMARY"},"content":{"rendered":"<p style=\"text-align: center;\"><img decoding=\"async\" class=\"aligncenter\" src=\"http:\/\/www.bahianoticias.com.br\/fotos\/principal_noticias\/127566\/IMAGEM_NOTICIA_5.jpg\" alt=\"Opera\u00e7\u00e3o Porto Seguro: Bahia era uma das principais \u00e1reas de atua\u00e7\u00e3o da quadrilha, diz colunista\" width=\"400\" \/><\/p>\n<p>&nbsp;<\/p>\n<p>Intercepta\u00e7\u00f5es da Pol\u00edcia Federal, na Opera\u00e7\u00e3o Porto Seguro revelam que a Bahia era um dos principais locais de atua\u00e7\u00e3o da quadrilha. A informa\u00e7\u00e3o foi publicada no blog de Cl\u00e1udio Humberto, em nota intitulada \u201c\u00c1rea de atua\u00e7\u00e3o\u201d. Ainda de acordo com o jornalista, a ex-chefe da Secretaria do Patrim\u00f4nio da Uni\u00e3o (SPU) na Bahia, Ana L\u00facia Vilas Boas, contou com a ajuda de Luis In\u00e1cio Adams, da Advocacia Geral da Uni\u00e3o, e do bra\u00e7o direito Jos\u00e9 Weber Holanda, ex-advogado-geral-adjunto, para voltar ao cargo.<!--more--> &#8220;Sua demiss\u00e3o, ap\u00f3s den\u00fancia de improbidade, acabou revogada em raz\u00e3o de parecer de Holanda, avalizado por Adams&#8221;, diz a nota. Segundo Cl\u00e1udio Humberto, o parecer de Jos\u00e9 Weber Holanda, que sumiu na AGU, alterou o ju\u00edzo do Minist\u00e9rio do Planejamento, contr\u00e1rio a Ana L\u00facia Villas Boas. Weber foi indiciado por corrup\u00e7\u00e3o passiva pela PF na Opera\u00e7\u00e3o Porto Seguro.<\/p>\n","protected":false},"excerpt":{"rendered":"<p>&nbsp; Intercepta\u00e7\u00f5es da Pol\u00edcia Federal, na Opera\u00e7\u00e3o Porto Seguro revelam que a Bahia era um dos principais locais de atua\u00e7\u00e3o da quadrilha. A informa\u00e7\u00e3o foi publicada no blog de Cl\u00e1udio Humberto, em nota intitulada \u201c\u00c1rea de atua\u00e7\u00e3o\u201d. Ainda de acordo com o jornalista, a ex-chefe da Secretaria do Patrim\u00f4nio da Uni\u00e3o (SPU) na Bahia, Ana [&hellip;]<\/p>\n","protected":false},"author":2,"featured_media":0,"comment_status":"open","ping_status":"open","sticky":false,"template":"","format":"standard","meta":{"footnotes":"","_links_to":"","_links_to_target":""},"categories":[1],"tags":[],"class_list":["post-22615","post","type-post","status-publish","format-standard","hentry","category-geral"],"views":1126,"_links":{"self":[{"href":"https:\/\/www.sudoestehoje.com.br\/novoportal\/wp-json\/wp\/v2\/posts\/22615","targetHints":{"allow":["GET"]}}],"collection":[{"href":"https:\/\/www.sudoestehoje.com.br\/novoportal\/wp-json\/wp\/v2\/posts"}],"about":[{"href":"https:\/\/www.sudoestehoje.com.br\/novoportal\/wp-json\/wp\/v2\/types\/post"}],"author":[{"embeddable":true,"href":"https:\/\/www.sudoestehoje.com.br\/novoportal\/wp-json\/wp\/v2\/users\/2"}],"replies":[{"embeddable":true,"href":"https:\/\/www.sudoestehoje.com.br\/novoportal\/wp-json\/wp\/v2\/comments?post=22615"}],"version-history":[{"count":3,"href":"https:\/\/www.sudoestehoje.com.br\/novoportal\/wp-json\/wp\/v2\/posts\/22615\/revisions"}],"predecessor-version":[{"id":22618,"href":"https:\/\/www.sudoestehoje.com.br\/novoportal\/wp-json\/wp\/v2\/posts\/22615\/revisions\/22618"}],"wp:attachment":[{"href":"https:\/\/www.sudoestehoje.com.br\/novoportal\/wp-json\/wp\/v2\/media?parent=22615"}],"wp:term":[{"taxonomy":"category","embeddable":true,"href":"https:\/\/www.sudoestehoje.com.br\/novoportal\/wp-json\/wp\/v2\/categories?post=22615"},{"taxonomy":"post_tag","embeddable":true,"href":"https:\/\/www.sudoestehoje.com.br\/novoportal\/wp-json\/wp\/v2\/tags?post=22615"}],"curies":[{"name":"wp","href":"https:\/\/api.w.org\/{rel}","templated":true}]}}