
{"id":22587,"date":"2012-12-08T18:49:21","date_gmt":"2012-12-08T21:49:21","guid":{"rendered":"http:\/\/www.sudoestehoje.com.br\/novoportal\/?p=22587"},"modified":"2012-12-08T18:52:46","modified_gmt":"2012-12-08T21:52:46","slug":"dilma-wagner-e-acm-neto-fecham-pacto-por-salvador","status":"publish","type":"post","link":"https:\/\/www.sudoestehoje.com.br\/novoportal\/2012\/12\/08\/dilma-wagner-e-acm-neto-fecham-pacto-por-salvador\/","title":{"rendered":"DILMA, WAGNER E ACM NETO FECHAM PACTO POR SALVADOR"},"content":{"rendered":"<p><img decoding=\"async\" class=\"aligncenter\" src=\"http:\/\/img.blogdoanderson.com\/2012\/12\/neto-dilma-e-wagner1-400x205.jpg\" alt=\"\" \/><\/p>\n<p>&nbsp;<\/p>\n<p>Em reuni\u00e3o de mais de uma hora na tarde desta quinta-feira (6) com a presidente Dilma Rousseff e o prefeito eleito de Salvador, ACM Neto, o governador Jaques Wagner disse que foi selado um pacto por Salvador nas tr\u00eas esferas de poder. \u201cAs diverg\u00eancias n\u00e3o v\u00e3o obstruir o que Salvador merece receber\u201d, garantiu Wagner ap\u00f3s a audi\u00eancia.<\/p>\n<p>A inten\u00e7\u00e3o, segundo Wagner, \u00e9 trabalhar em harmonia com a prefeitura e esse foi o motivo que o levou a intermediar a primeira audi\u00eancia do prefeito eleito da terceira maior capital do Pa\u00eds com a presidente da Rep\u00fablica.\u00a0<em>\u201cFoi uma conversa madura\u201d<\/em>, afirmou o governador, citando, dentre os assuntos tratados, a recupera\u00e7\u00e3o da orla mar\u00edtima, parcerias para o metr\u00f4, obras de mobilidade urbana e recursos para as encostas, que demandam, segundo levantamento do prefeito eleito, recursos da ordem de R$ 750 milh\u00f5es.<\/p>\n<p>H\u00e1 disposi\u00e7\u00e3o de acelerar os entendimentos, disse Wagner, lembrando que \u201do que \u00e9 bom para o Estado, \u00e9 bom para Salvador\u201d. O prefeito eleito, ACM Neto, disse que saiu entusiasmado da reuni\u00e3o.\u00a0<em>\u201cFoi determinante o papel do governador Wagner para que a conversa se realizasse. Existe disposi\u00e7\u00e3o dos tr\u00eas para desenvolver, em conjunto, projetos importantes e priorit\u00e1rios para a cidade\u201d.<\/em><\/p>\n","protected":false},"excerpt":{"rendered":"<p>&nbsp; Em reuni\u00e3o de mais de uma hora na tarde desta quinta-feira (6) com a presidente Dilma Rousseff e o prefeito eleito de Salvador, ACM Neto, o governador Jaques Wagner disse que foi selado um pacto por Salvador nas tr\u00eas esferas de poder. \u201cAs diverg\u00eancias n\u00e3o v\u00e3o obstruir o que Salvador merece receber\u201d, garantiu Wagner [&hellip;]<\/p>\n","protected":false},"author":2,"featured_media":0,"comment_status":"open","ping_status":"open","sticky":false,"template":"","format":"standard","meta":{"footnotes":"","_links_to":"","_links_to_target":""},"categories":[1],"tags":[],"class_list":["post-22587","post","type-post","status-publish","format-standard","hentry","category-geral"],"views":1212,"_links":{"self":[{"href":"https:\/\/www.sudoestehoje.com.br\/novoportal\/wp-json\/wp\/v2\/posts\/22587","targetHints":{"allow":["GET"]}}],"collection":[{"href":"https:\/\/www.sudoestehoje.com.br\/novoportal\/wp-json\/wp\/v2\/posts"}],"about":[{"href":"https:\/\/www.sudoestehoje.com.br\/novoportal\/wp-json\/wp\/v2\/types\/post"}],"author":[{"embeddable":true,"href":"https:\/\/www.sudoestehoje.com.br\/novoportal\/wp-json\/wp\/v2\/users\/2"}],"replies":[{"embeddable":true,"href":"https:\/\/www.sudoestehoje.com.br\/novoportal\/wp-json\/wp\/v2\/comments?post=22587"}],"version-history":[{"count":4,"href":"https:\/\/www.sudoestehoje.com.br\/novoportal\/wp-json\/wp\/v2\/posts\/22587\/revisions"}],"predecessor-version":[{"id":22593,"href":"https:\/\/www.sudoestehoje.com.br\/novoportal\/wp-json\/wp\/v2\/posts\/22587\/revisions\/22593"}],"wp:attachment":[{"href":"https:\/\/www.sudoestehoje.com.br\/novoportal\/wp-json\/wp\/v2\/media?parent=22587"}],"wp:term":[{"taxonomy":"category","embeddable":true,"href":"https:\/\/www.sudoestehoje.com.br\/novoportal\/wp-json\/wp\/v2\/categories?post=22587"},{"taxonomy":"post_tag","embeddable":true,"href":"https:\/\/www.sudoestehoje.com.br\/novoportal\/wp-json\/wp\/v2\/tags?post=22587"}],"curies":[{"name":"wp","href":"https:\/\/api.w.org\/{rel}","templated":true}]}}