
{"id":22572,"date":"2012-12-05T22:11:59","date_gmt":"2012-12-06T01:11:59","guid":{"rendered":"http:\/\/www.sudoestehoje.com.br\/novoportal\/?p=22572"},"modified":"2012-12-05T22:11:59","modified_gmt":"2012-12-06T01:11:59","slug":"morre-o-arquiteto-oscar-niemeyer","status":"publish","type":"post","link":"https:\/\/www.sudoestehoje.com.br\/novoportal\/2012\/12\/05\/morre-o-arquiteto-oscar-niemeyer\/","title":{"rendered":"MORRE O ARQUITETO OSCAR NIEMEYER"},"content":{"rendered":"<p><img decoding=\"async\" class=\"aligncenter\" src=\"http:\/\/arkideias.files.wordpress.com\/2012\/10\/oscar_niemeyer.jpg?w=584\" alt=\"\" \/><\/p>\n<p>&nbsp;<\/p>\n<p>A dez dias do seu anivers\u00e1rio de 105 anos, o arquiteto carioca Oscar Niemeyer morreu na noite desta quarta-feira (5) no Rio de Janeiro. Internado desde o dia 3 de novembro no Hospital Samaritano, em Botafogo, na zona sul carioca, o arquiteto teve uma piora na \u00faltima ter\u00e7a-feira (4) quando uma infec\u00e7\u00e3o respirat\u00f3ria alterou seu estado cl\u00ednico. Niemeyer se formou em arquitetura e engenharia na Escola Nacional de Belas Artes em 1934 e se tornou uma refer\u00eancia internacional na \u00e1rea. Ao lado de L\u00facio Costa, ajudou a dar forma \u00e0 nova capital e concebeu edif\u00edcios como o Pal\u00e1cio da Alvorada e o Congresso Nacional. Ele foi o primeiro brasileiro vencedor do pr\u00eamio Pritzker, o Oscar da arquitetura. Niemeyer deixa a mulher, Vera L\u00facia, 67, com quem se casou em 2006. Deixa ainda quatro trinetos, 13 bisnetos e quatro netos, filhos de Anna Maria, sua \u00fanica filha, morta em junho deste ano aos 82, fruto de seu casamento com Anita Baldo, de quem ficou vi\u00favo em 2004. Com informa\u00e7\u00f5es da Folha.<\/p>\n","protected":false},"excerpt":{"rendered":"<p>&nbsp; A dez dias do seu anivers\u00e1rio de 105 anos, o arquiteto carioca Oscar Niemeyer morreu na noite desta quarta-feira (5) no Rio de Janeiro. Internado desde o dia 3 de novembro no Hospital Samaritano, em Botafogo, na zona sul carioca, o arquiteto teve uma piora na \u00faltima ter\u00e7a-feira (4) quando uma infec\u00e7\u00e3o respirat\u00f3ria alterou [&hellip;]<\/p>\n","protected":false},"author":2,"featured_media":0,"comment_status":"open","ping_status":"open","sticky":false,"template":"","format":"standard","meta":{"footnotes":"","_links_to":"","_links_to_target":""},"categories":[1],"tags":[],"class_list":["post-22572","post","type-post","status-publish","format-standard","hentry","category-geral"],"views":1092,"_links":{"self":[{"href":"https:\/\/www.sudoestehoje.com.br\/novoportal\/wp-json\/wp\/v2\/posts\/22572","targetHints":{"allow":["GET"]}}],"collection":[{"href":"https:\/\/www.sudoestehoje.com.br\/novoportal\/wp-json\/wp\/v2\/posts"}],"about":[{"href":"https:\/\/www.sudoestehoje.com.br\/novoportal\/wp-json\/wp\/v2\/types\/post"}],"author":[{"embeddable":true,"href":"https:\/\/www.sudoestehoje.com.br\/novoportal\/wp-json\/wp\/v2\/users\/2"}],"replies":[{"embeddable":true,"href":"https:\/\/www.sudoestehoje.com.br\/novoportal\/wp-json\/wp\/v2\/comments?post=22572"}],"version-history":[{"count":3,"href":"https:\/\/www.sudoestehoje.com.br\/novoportal\/wp-json\/wp\/v2\/posts\/22572\/revisions"}],"predecessor-version":[{"id":22575,"href":"https:\/\/www.sudoestehoje.com.br\/novoportal\/wp-json\/wp\/v2\/posts\/22572\/revisions\/22575"}],"wp:attachment":[{"href":"https:\/\/www.sudoestehoje.com.br\/novoportal\/wp-json\/wp\/v2\/media?parent=22572"}],"wp:term":[{"taxonomy":"category","embeddable":true,"href":"https:\/\/www.sudoestehoje.com.br\/novoportal\/wp-json\/wp\/v2\/categories?post=22572"},{"taxonomy":"post_tag","embeddable":true,"href":"https:\/\/www.sudoestehoje.com.br\/novoportal\/wp-json\/wp\/v2\/tags?post=22572"}],"curies":[{"name":"wp","href":"https:\/\/api.w.org\/{rel}","templated":true}]}}