
{"id":2257,"date":"2010-11-28T22:17:34","date_gmt":"2010-11-29T01:17:34","guid":{"rendered":"http:\/\/www.sudoestehoje.com.br\/novoportal\/?p=2257"},"modified":"2010-11-29T13:00:47","modified_gmt":"2010-11-29T16:00:47","slug":"2257","status":"publish","type":"post","link":"https:\/\/www.sudoestehoje.com.br\/novoportal\/2010\/11\/28\/2257\/","title":{"rendered":"O PESO PARA O G-8 DA C\u00c2MARA MUNICIPAL"},"content":{"rendered":"<p><strong><img decoding=\"async\" class=\"alignleft\" src=\"http:\/\/www.itapetinganet.com.br\/site\/imagens\/gilson1.jpg\" border=\"0\" alt=\"\" width=\"120\" \/>Por Gilson de Jesus<\/strong><\/p>\n<p>No exerc\u00edcio do sexto mandato de vereador, amigos come\u00e7am a cobrar que eu escreva sobre esta experi\u00eancia, e o que rendeu de positivo para mim e para a comunidade que me elegeu. Por exemplo, indagam se j\u00e1 houve neste tempo algo t\u00e3o consistente quanto \u00e0 solidez pol\u00edtica do grupo que elegeu a mesa da C\u00e2mara recentemente, que \u00e9 a mesma forma\u00e7\u00e3o que votou em Marcos Gabrielli e surpreendeu a todos na \u00e9poca.<br \/>\nCome\u00e7o dizendo que um dos grandes momentos pol\u00edticos foi \u00e0 elabora\u00e7\u00e3o da Lei Org\u00e2nica, de conte\u00fado democr\u00e1tico, elaborada depois de ouvir v\u00e1rios segmentos da sociedade, permitindo oferecer ao munic\u00edpio uma Constitui\u00e7\u00e3o democr\u00e1tica e progressista para o per\u00edodo e \u00e0s condi\u00e7\u00f5es do seu tempo.<br \/>\nPenso que o recente fato que conduziu Jo\u00e3o de Deus \u00e0 presid\u00eancia, com seus dignos colegas de mesa se deve a uma maturidade pol\u00edtica existente na C\u00e2mara, mesclada em sua composi\u00e7\u00e3o por vereadores jovens de primeiro mandato e outros experientes com mais mandatos: o velho e o novo formam a receita certa para atender o clamor das urnas em 2008, qual seja, o desejo de mudan\u00e7a de comportamento nas a\u00e7\u00f5es pol\u00edticas na C\u00e2mara Municipal.<\/p>\n<p>Mudan\u00e7as de comportamento que refletem na imagem positiva da C\u00e2mara e n\u00e3o permiti desde a posse em janeiro de 2009 a interfer\u00eancia do poder Executivo e tampouco de caciques da tradicional pol\u00edtica. Tudo devido \u00e0 tomada de consci\u00eancia dos edis, sendo ano ap\u00f3s anos responsabilizados pelas conseq\u00fc\u00eancias das negociatas intrag\u00e1veis na elei\u00e7\u00e3o das mesas e na condu\u00e7\u00e3o das mat\u00e9rias.<br \/>\nTal mudan\u00e7a assimilada pelos oito vereadores custa caro, como resistir \u00e0s amea\u00e7as e propostas antes irrecus\u00e1veis com base naquela m\u00e1xima \u201ccada homem tem seu pre\u00e7o\u201d. Enfim se tal mudan\u00e7a tivesse acontecido tamb\u00e9m dentro do Executivo municipal, que foi o beneficiado direto nas urnas, nossa cidade estaria em completa lua de mel.<br \/>\n\u00a0Imagine se os elogios dirigidos aos vereadores por parte da comunidade reconhecendo atitudes dignas fossem tamb\u00e9m destinados ao executivo e equipe. Estaria, portanto consumado a palavra MUDAN\u00c7A no sentido duplo e at\u00e9 completo, quanto ao que se espera do poder.<br \/>\nEnquanto se afirma que por tr\u00e1s de um grande homem, existe sempre uma grande mulher. \u00c9 imprescind\u00edvel afirmar a import\u00e2ncia dos partidos. Quero assegurar que devo a meu partido a vigil\u00e2ncia e o aux\u00edlio nos seis mandatos e desta forma evitei graves erros pol\u00edticos que manchasse minha biografia com esc\u00e2ndalos. A orienta\u00e7\u00e3o pol\u00edtica e forma\u00e7\u00e3o de car\u00e1ter herdada dos meus queridos e exemplares pais foram fundamentais.<br \/>\nCabem as lideran\u00e7as que pressionaram vereadores para que desse outro resultado, reflex\u00e3o. A c\u00e2mara n\u00e3o \u00e9 lugar de subalternos e reprodutores de id\u00e9ias do Executivo, e sim de fiscais do povo.<br \/>\nAgora h\u00e1 outro desafio ainda maior: Fazer a C\u00e2mara acumular vit\u00f3rias com sua pr\u00e1tica pol\u00edtica, oferecendo ao poder executivo uma grande contribui\u00e7\u00e3o: efici\u00eancias na aplica\u00e7\u00e3o dos recursos transferidos \u00e0 comunidade e diminui\u00e7\u00e3o de coment\u00e1rios negativos reproduzidos no nosso cotidiano (que nem sempre incomoda quem est\u00e1 no poder).<br \/>\nNo tocante \u00e0 gest\u00e3o, Jo\u00e3o e seus pares, devem trilhar o caminho da transpar\u00eancia, divulgando or\u00e7amento e gastos e n\u00e3o pensar que os elogios de hoje s\u00e3o duradouros, sem a efici\u00eancia do dia a dia.<br \/>\n\u00a0O desafio \u00e9 t\u00e3o grande que h\u00e1 setores da comunidade que acham que o grupo dos oito vereadores pode interferir no processo sucess\u00f3rio de 2012. A\u00ed \u00e9 que est\u00e1 o recado de que nossa pol\u00edtica est\u00e1 em fase de novos tempos, tentando superar com mudan\u00e7as imposta por uma nova realidade que precisa de novos int\u00e9rpretes deste tempo.<br \/>\n*G\u00edlson de Jesus \u00e9 vereador e Servidor P\u00fablico.<\/p>\n","protected":false},"excerpt":{"rendered":"<p>Por Gilson de Jesus No exerc\u00edcio do sexto mandato de vereador, amigos come\u00e7am a cobrar que eu escreva sobre esta experi\u00eancia, e o que rendeu de positivo para mim e para a comunidade que me elegeu. Por exemplo, indagam se j\u00e1 houve neste tempo algo t\u00e3o consistente quanto \u00e0 solidez pol\u00edtica do grupo que elegeu [&hellip;]<\/p>\n","protected":false},"author":2,"featured_media":0,"comment_status":"open","ping_status":"open","sticky":false,"template":"","format":"standard","meta":{"footnotes":"","_links_to":"","_links_to_target":""},"categories":[1],"tags":[],"class_list":["post-2257","post","type-post","status-publish","format-standard","hentry","category-geral"],"views":1698,"_links":{"self":[{"href":"https:\/\/www.sudoestehoje.com.br\/novoportal\/wp-json\/wp\/v2\/posts\/2257","targetHints":{"allow":["GET"]}}],"collection":[{"href":"https:\/\/www.sudoestehoje.com.br\/novoportal\/wp-json\/wp\/v2\/posts"}],"about":[{"href":"https:\/\/www.sudoestehoje.com.br\/novoportal\/wp-json\/wp\/v2\/types\/post"}],"author":[{"embeddable":true,"href":"https:\/\/www.sudoestehoje.com.br\/novoportal\/wp-json\/wp\/v2\/users\/2"}],"replies":[{"embeddable":true,"href":"https:\/\/www.sudoestehoje.com.br\/novoportal\/wp-json\/wp\/v2\/comments?post=2257"}],"version-history":[{"count":6,"href":"https:\/\/www.sudoestehoje.com.br\/novoportal\/wp-json\/wp\/v2\/posts\/2257\/revisions"}],"predecessor-version":[{"id":2260,"href":"https:\/\/www.sudoestehoje.com.br\/novoportal\/wp-json\/wp\/v2\/posts\/2257\/revisions\/2260"}],"wp:attachment":[{"href":"https:\/\/www.sudoestehoje.com.br\/novoportal\/wp-json\/wp\/v2\/media?parent=2257"}],"wp:term":[{"taxonomy":"category","embeddable":true,"href":"https:\/\/www.sudoestehoje.com.br\/novoportal\/wp-json\/wp\/v2\/categories?post=2257"},{"taxonomy":"post_tag","embeddable":true,"href":"https:\/\/www.sudoestehoje.com.br\/novoportal\/wp-json\/wp\/v2\/tags?post=2257"}],"curies":[{"name":"wp","href":"https:\/\/api.w.org\/{rel}","templated":true}]}}