
{"id":22527,"date":"2012-12-04T23:59:02","date_gmt":"2012-12-05T02:59:02","guid":{"rendered":"http:\/\/www.sudoestehoje.com.br\/novoportal\/?p=22527"},"modified":"2012-12-05T00:18:26","modified_gmt":"2012-12-05T03:18:26","slug":"itororo-acougueiros-protestam-contra-interdicao-do-matadouro","status":"publish","type":"post","link":"https:\/\/www.sudoestehoje.com.br\/novoportal\/2012\/12\/04\/itororo-acougueiros-protestam-contra-interdicao-do-matadouro\/","title":{"rendered":"ITOROR\u00d3: A\u00c7OUGUEIROS PROTESTAM CONTRA INTERDI\u00c7\u00c3O DO MATADOURO"},"content":{"rendered":"<p><a href=\"http:\/\/www.sudoestehoje.com.br\/novoportal\/wp-content\/uploads\/2012\/12\/DSC06864_800x532.jpg\"><img loading=\"lazy\" decoding=\"async\" class=\"aligncenter size-medium wp-image-22528\" title=\"SONY DSC\" src=\"http:\/\/www.sudoestehoje.com.br\/novoportal\/wp-content\/uploads\/2012\/12\/DSC06864_800x532-500x332.jpg\" alt=\"\" width=\"500\" height=\"332\" srcset=\"https:\/\/www.sudoestehoje.com.br\/novoportal\/wp-content\/uploads\/2012\/12\/DSC06864_800x532-500x332.jpg 500w, https:\/\/www.sudoestehoje.com.br\/novoportal\/wp-content\/uploads\/2012\/12\/DSC06864_800x532-700x465.jpg 700w, https:\/\/www.sudoestehoje.com.br\/novoportal\/wp-content\/uploads\/2012\/12\/DSC06864_800x532.jpg 800w\" sizes=\"auto, (max-width: 500px) 100vw, 500px\" \/><\/a><\/p>\n<p style=\"text-align: center;\"><em>\u00a0BR-415 ficou interditada durante grande parte da manh\u00e3 desta ter\u00e7a<\/em><\/p>\n<p>&nbsp;<\/p>\n<p><strong><em>Milton\u00a0Marinho<\/em><\/strong><\/p>\n<p>Aconteceu na manh\u00e3 dessa ter\u00e7a-feira o maior protesto j\u00e1 visto em Itoror\u00f3, desta vez, o alvo era mobilizar justi\u00e7a e governo, no sentido de fazer com que as autoridades revejam a situa\u00e7\u00e3o dos magarefes e comerciantes da Carne-de-Sol, produto que sustenta parte da economia do munic\u00edpio, conhecido no Brasil pela sua qualidade. Segundo os manifestantes, o objetivo do movimento \u00e9 fazer com que o atual prefeito cumpra o acordo com o Minist\u00e9rio P\u00fablico e com os trabalhadores do ramo, firmado h\u00e1 seis meses em Audi\u00eancia P\u00fablica na C\u00e2mara de Vereadores. Depois do ato, o Juiz, Doutor Marley Cunha Medeiros, dialogou com os l\u00edderes do movimento e conduziu os mesmos para uma negocia\u00e7\u00e3o com as partes interessadas numa audi\u00eancia no F\u00f3rum Da cidade, ficando para a semana que vem, onde contar\u00e3o com a presen\u00e7a do representante do Minist\u00e9rio P\u00fablico, pois o mesmo estava ausente.<\/p>\n<p>De uma coisa podemos ter certeza: S\u00f3 com o di\u00e1logo e o apoio da justi\u00e7a, poderemos dar fim a esta situa\u00e7\u00e3o que est\u00e1 gerando um dos maiores transtornos j\u00e1 visto em nossa cidade. \u00c9 bom que os governos, o que sai, e o que entra, saibam que esta quest\u00e3o \u00e9 a maior prioridade do munic\u00edpio, e n\u00e3o deve sob hip\u00f3tese alguma ser protelada.\u00a0\u00a0Os trabalhadores Matadouro Municipal de Itoror\u00f3 precisam trabalhar, e no apagar das luzes de um governo descomprometido com o povo, atrav\u00e9s desse protesto, estes batalhadores homens, sem ter a quem mais apelar, reclama e aperta o governo para que realize as REFORMAS J\u00c1, no seu ambiente de trabalho.<\/p>\n<p>Confira as fotos do protesto:<\/p>\n<p><a href=\"http:\/\/www.sudoestehoje.com.br\/novoportal\/wp-content\/uploads\/2012\/12\/022.jpg\"><img loading=\"lazy\" decoding=\"async\" class=\"aligncenter size-medium wp-image-22529\" title=\"SONY DSC\" src=\"http:\/\/www.sudoestehoje.com.br\/novoportal\/wp-content\/uploads\/2012\/12\/022-500x332.jpg\" alt=\"\" width=\"500\" height=\"332\" srcset=\"https:\/\/www.sudoestehoje.com.br\/novoportal\/wp-content\/uploads\/2012\/12\/022-500x332.jpg 500w, https:\/\/www.sudoestehoje.com.br\/novoportal\/wp-content\/uploads\/2012\/12\/022-700x465.jpg 700w, https:\/\/www.sudoestehoje.com.br\/novoportal\/wp-content\/uploads\/2012\/12\/022.jpg 800w\" sizes=\"auto, (max-width: 500px) 100vw, 500px\" \/><\/a><\/p>\n<p><a href=\"http:\/\/www.sudoestehoje.com.br\/novoportal\/wp-content\/uploads\/2012\/12\/023.jpg\"><img loading=\"lazy\" decoding=\"async\" class=\"aligncenter size-medium wp-image-22530\" title=\"SONY DSC\" src=\"http:\/\/www.sudoestehoje.com.br\/novoportal\/wp-content\/uploads\/2012\/12\/023-500x332.jpg\" alt=\"\" width=\"500\" height=\"332\" srcset=\"https:\/\/www.sudoestehoje.com.br\/novoportal\/wp-content\/uploads\/2012\/12\/023-500x332.jpg 500w, https:\/\/www.sudoestehoje.com.br\/novoportal\/wp-content\/uploads\/2012\/12\/023-700x465.jpg 700w, https:\/\/www.sudoestehoje.com.br\/novoportal\/wp-content\/uploads\/2012\/12\/023.jpg 800w\" sizes=\"auto, (max-width: 500px) 100vw, 500px\" \/><\/a><\/p>\n<p><a href=\"http:\/\/www.sudoestehoje.com.br\/novoportal\/wp-content\/uploads\/2012\/12\/024.jpg\"><img loading=\"lazy\" decoding=\"async\" class=\"aligncenter size-medium wp-image-22531\" title=\"SONY DSC\" src=\"http:\/\/www.sudoestehoje.com.br\/novoportal\/wp-content\/uploads\/2012\/12\/024-500x332.jpg\" alt=\"\" width=\"500\" height=\"332\" srcset=\"https:\/\/www.sudoestehoje.com.br\/novoportal\/wp-content\/uploads\/2012\/12\/024-500x332.jpg 500w, https:\/\/www.sudoestehoje.com.br\/novoportal\/wp-content\/uploads\/2012\/12\/024-700x465.jpg 700w, https:\/\/www.sudoestehoje.com.br\/novoportal\/wp-content\/uploads\/2012\/12\/024.jpg 800w\" sizes=\"auto, (max-width: 500px) 100vw, 500px\" \/><\/a><\/p>\n<p><a href=\"http:\/\/www.sudoestehoje.com.br\/novoportal\/wp-content\/uploads\/2012\/12\/025.jpg\"><img loading=\"lazy\" decoding=\"async\" class=\"aligncenter size-medium wp-image-22532\" title=\"SONY DSC\" src=\"http:\/\/www.sudoestehoje.com.br\/novoportal\/wp-content\/uploads\/2012\/12\/025-500x332.jpg\" alt=\"\" width=\"500\" height=\"332\" srcset=\"https:\/\/www.sudoestehoje.com.br\/novoportal\/wp-content\/uploads\/2012\/12\/025-500x332.jpg 500w, https:\/\/www.sudoestehoje.com.br\/novoportal\/wp-content\/uploads\/2012\/12\/025-700x465.jpg 700w, https:\/\/www.sudoestehoje.com.br\/novoportal\/wp-content\/uploads\/2012\/12\/025.jpg 800w\" sizes=\"auto, (max-width: 500px) 100vw, 500px\" \/><\/a><\/p>\n<p>&nbsp;<\/p>\n","protected":false},"excerpt":{"rendered":"<p>\u00a0BR-415 ficou interditada durante grande parte da manh\u00e3 desta ter\u00e7a &nbsp; Milton\u00a0Marinho Aconteceu na manh\u00e3 dessa ter\u00e7a-feira o maior protesto j\u00e1 visto em Itoror\u00f3, desta vez, o alvo era mobilizar justi\u00e7a e governo, no sentido de fazer com que as autoridades revejam a situa\u00e7\u00e3o dos magarefes e comerciantes da Carne-de-Sol, produto que sustenta parte da [&hellip;]<\/p>\n","protected":false},"author":2,"featured_media":0,"comment_status":"open","ping_status":"open","sticky":false,"template":"","format":"standard","meta":{"footnotes":"","_links_to":"","_links_to_target":""},"categories":[1],"tags":[],"class_list":["post-22527","post","type-post","status-publish","format-standard","hentry","category-geral"],"views":1819,"_links":{"self":[{"href":"https:\/\/www.sudoestehoje.com.br\/novoportal\/wp-json\/wp\/v2\/posts\/22527","targetHints":{"allow":["GET"]}}],"collection":[{"href":"https:\/\/www.sudoestehoje.com.br\/novoportal\/wp-json\/wp\/v2\/posts"}],"about":[{"href":"https:\/\/www.sudoestehoje.com.br\/novoportal\/wp-json\/wp\/v2\/types\/post"}],"author":[{"embeddable":true,"href":"https:\/\/www.sudoestehoje.com.br\/novoportal\/wp-json\/wp\/v2\/users\/2"}],"replies":[{"embeddable":true,"href":"https:\/\/www.sudoestehoje.com.br\/novoportal\/wp-json\/wp\/v2\/comments?post=22527"}],"version-history":[{"count":7,"href":"https:\/\/www.sudoestehoje.com.br\/novoportal\/wp-json\/wp\/v2\/posts\/22527\/revisions"}],"predecessor-version":[{"id":22535,"href":"https:\/\/www.sudoestehoje.com.br\/novoportal\/wp-json\/wp\/v2\/posts\/22527\/revisions\/22535"}],"wp:attachment":[{"href":"https:\/\/www.sudoestehoje.com.br\/novoportal\/wp-json\/wp\/v2\/media?parent=22527"}],"wp:term":[{"taxonomy":"category","embeddable":true,"href":"https:\/\/www.sudoestehoje.com.br\/novoportal\/wp-json\/wp\/v2\/categories?post=22527"},{"taxonomy":"post_tag","embeddable":true,"href":"https:\/\/www.sudoestehoje.com.br\/novoportal\/wp-json\/wp\/v2\/tags?post=22527"}],"curies":[{"name":"wp","href":"https:\/\/api.w.org\/{rel}","templated":true}]}}