
{"id":22523,"date":"2012-12-04T19:48:11","date_gmt":"2012-12-04T22:48:11","guid":{"rendered":"http:\/\/www.sudoestehoje.com.br\/novoportal\/?p=22523"},"modified":"2012-12-04T19:48:11","modified_gmt":"2012-12-04T22:48:11","slug":"ministro-promete-estudar-alternativas-contra-fechamento-da-azaleia","status":"publish","type":"post","link":"https:\/\/www.sudoestehoje.com.br\/novoportal\/2012\/12\/04\/ministro-promete-estudar-alternativas-contra-fechamento-da-azaleia\/","title":{"rendered":"MINISTRO PROMETE ESTUDAR ALTERNATIVAS CONTRA FECHAMENTO DA AZALEIA"},"content":{"rendered":"<p style=\"text-align: center;\"><img decoding=\"async\" class=\"aligncenter\" src=\"http:\/\/www.bahianoticias.com.br\/fotos\/principal_noticias\/127297\/IMAGEM_NOTICIA_5.jpg\" alt=\"Ministro promete estudar alternativas contra fechamento de f\u00e1bricas da Azaleia\" width=\"400\" \/><\/p>\n<p>&nbsp;<\/p>\n<p>O ministro da Fazenda, Guido Mantega, se comprometeu a estudar alternativas para o caso do\u00a0<a href=\"http:\/\/bahianoticias.com.br\/principal\/noticia\/127155-azaleia-fecha-dez-unidades-na-regiao-de-itapetinga-e-quatro-mil-empregados-sao-demitidos.html\" target=\"_blank\"><strong>fechamento de 12 plantas industriais de filiais da f\u00e1brica de cal\u00e7ados da Vulcabras\/Azaleia em munic\u00edpios baianos<\/strong><\/a>, de acordo com o governador Jaques Wagner, que marcou reuni\u00e3o em Bras\u00edlia para tratar do assunto, na manh\u00e3 desta ter\u00e7a-feira (4). Cerca de quatro mil empregados foram demitidos com a decis\u00e3o anunciada na \u00faltima sexta (30).<\/p>\n<p>A empresa alega que o encerramento das atividades foi causado por preju\u00edzos sucessivos, em decorr\u00eancia do aumento da competi\u00e7\u00e3o, causado pela excessiva entrada de produtos importados a pre\u00e7os muito baixos no pa\u00eds. Tamb\u00e9m nesta ter\u00e7a (4), Wagner estar\u00e1 reunido com a presidente Dilma Rousseff, para pedir que o governo federal, por meio do Minist\u00e9rio do Desenvolvimento, Ind\u00fastria e Com\u00e9rcio Exterior, adote medidas antidumping, como forma de proteger a ind\u00fastria nacional. BN<\/p>\n","protected":false},"excerpt":{"rendered":"<p>&nbsp; O ministro da Fazenda, Guido Mantega, se comprometeu a estudar alternativas para o caso do\u00a0fechamento de 12 plantas industriais de filiais da f\u00e1brica de cal\u00e7ados da Vulcabras\/Azaleia em munic\u00edpios baianos, de acordo com o governador Jaques Wagner, que marcou reuni\u00e3o em Bras\u00edlia para tratar do assunto, na manh\u00e3 desta ter\u00e7a-feira (4). Cerca de quatro [&hellip;]<\/p>\n","protected":false},"author":2,"featured_media":0,"comment_status":"open","ping_status":"open","sticky":false,"template":"","format":"standard","meta":{"footnotes":"","_links_to":"","_links_to_target":""},"categories":[1],"tags":[],"class_list":["post-22523","post","type-post","status-publish","format-standard","hentry","category-geral"],"views":1232,"_links":{"self":[{"href":"https:\/\/www.sudoestehoje.com.br\/novoportal\/wp-json\/wp\/v2\/posts\/22523","targetHints":{"allow":["GET"]}}],"collection":[{"href":"https:\/\/www.sudoestehoje.com.br\/novoportal\/wp-json\/wp\/v2\/posts"}],"about":[{"href":"https:\/\/www.sudoestehoje.com.br\/novoportal\/wp-json\/wp\/v2\/types\/post"}],"author":[{"embeddable":true,"href":"https:\/\/www.sudoestehoje.com.br\/novoportal\/wp-json\/wp\/v2\/users\/2"}],"replies":[{"embeddable":true,"href":"https:\/\/www.sudoestehoje.com.br\/novoportal\/wp-json\/wp\/v2\/comments?post=22523"}],"version-history":[{"count":3,"href":"https:\/\/www.sudoestehoje.com.br\/novoportal\/wp-json\/wp\/v2\/posts\/22523\/revisions"}],"predecessor-version":[{"id":22526,"href":"https:\/\/www.sudoestehoje.com.br\/novoportal\/wp-json\/wp\/v2\/posts\/22523\/revisions\/22526"}],"wp:attachment":[{"href":"https:\/\/www.sudoestehoje.com.br\/novoportal\/wp-json\/wp\/v2\/media?parent=22523"}],"wp:term":[{"taxonomy":"category","embeddable":true,"href":"https:\/\/www.sudoestehoje.com.br\/novoportal\/wp-json\/wp\/v2\/categories?post=22523"},{"taxonomy":"post_tag","embeddable":true,"href":"https:\/\/www.sudoestehoje.com.br\/novoportal\/wp-json\/wp\/v2\/tags?post=22523"}],"curies":[{"name":"wp","href":"https:\/\/api.w.org\/{rel}","templated":true}]}}