
{"id":2252,"date":"2010-11-28T21:17:23","date_gmt":"2010-11-29T00:17:23","guid":{"rendered":"http:\/\/www.sudoestehoje.com.br\/novoportal\/?p=2252"},"modified":"2010-11-28T21:35:06","modified_gmt":"2010-11-29T00:35:06","slug":"novo-partido","status":"publish","type":"post","link":"https:\/\/www.sudoestehoje.com.br\/novoportal\/2010\/11\/28\/novo-partido\/","title":{"rendered":"NOVO PARTIDO?"},"content":{"rendered":"<p style=\"text-align: center;\"><img decoding=\"async\" class=\"aligncenter\" src=\"http:\/\/bp3.blogger.com\/_zOAxGMzhbJ4\/RwJhw6ZEA7I\/AAAAAAAABGQ\/o--Zc4j-RXU\/s400\/F%C3%A1tima+e+Jacques+Wagner.JPG\" alt=\"\" \/><\/p>\n<p style=\"text-align: center;\"><strong>F\u00e1tima Mendon\u00e7a (PV?) e o governador Wagner (PT)<\/strong><\/p>\n<p>Acompanhamos, neste final de semana, v\u00e1rios blogs noticiando (em primeira m\u00e3o?)que a primeira dama do Estado, a simp\u00e1tica F\u00e1tima Mendon\u00e7a, dever\u00e1 se filiar ao PV, nos pr\u00f3ximos dias, not\u00edcia que tamb\u00e9m foi confirmada pelo vice-presidente do PV conquistense, Marcio Higino, no Blog do Anderson.<\/p>\n<p>J\u00e1 o Bahia Not\u00edcias, do conceituado Samuel Celestino, diz que tudo n\u00e3o passa de not\u00edcia &#8220;requentada&#8221;, pois a primeir\u00edssima dama j\u00e1 seria\u00a0filiada ao PV, desde 2007.<\/p>\n<p>Como a primeira esposa do nosso querido &#8220;Galego&#8221;, Bete Wagner, tamb\u00e9m \u00e9 filiada ilustre do glorioso PV, proponho que a dire\u00e7\u00e3o do partido analise a possibilidade de mudar o nome e a sigla do partido, que passaria a se chamar PMW &#8211; Partido das Mulheres de Wagner. Ficaria legal&#8230;<\/p>\n<p>Da Reda\u00e7\u00e3o<\/p>\n","protected":false},"excerpt":{"rendered":"<p>F\u00e1tima Mendon\u00e7a (PV?) e o governador Wagner (PT) Acompanhamos, neste final de semana, v\u00e1rios blogs noticiando (em primeira m\u00e3o?)que a primeira dama do Estado, a simp\u00e1tica F\u00e1tima Mendon\u00e7a, dever\u00e1 se filiar ao PV, nos pr\u00f3ximos dias, not\u00edcia que tamb\u00e9m foi confirmada pelo vice-presidente do PV conquistense, Marcio Higino, no Blog do Anderson. J\u00e1 o Bahia [&hellip;]<\/p>\n","protected":false},"author":2,"featured_media":0,"comment_status":"open","ping_status":"open","sticky":false,"template":"","format":"standard","meta":{"footnotes":"","_links_to":"","_links_to_target":""},"categories":[1],"tags":[],"class_list":["post-2252","post","type-post","status-publish","format-standard","hentry","category-geral"],"views":1336,"_links":{"self":[{"href":"https:\/\/www.sudoestehoje.com.br\/novoportal\/wp-json\/wp\/v2\/posts\/2252","targetHints":{"allow":["GET"]}}],"collection":[{"href":"https:\/\/www.sudoestehoje.com.br\/novoportal\/wp-json\/wp\/v2\/posts"}],"about":[{"href":"https:\/\/www.sudoestehoje.com.br\/novoportal\/wp-json\/wp\/v2\/types\/post"}],"author":[{"embeddable":true,"href":"https:\/\/www.sudoestehoje.com.br\/novoportal\/wp-json\/wp\/v2\/users\/2"}],"replies":[{"embeddable":true,"href":"https:\/\/www.sudoestehoje.com.br\/novoportal\/wp-json\/wp\/v2\/comments?post=2252"}],"version-history":[{"count":4,"href":"https:\/\/www.sudoestehoje.com.br\/novoportal\/wp-json\/wp\/v2\/posts\/2252\/revisions"}],"predecessor-version":[{"id":2255,"href":"https:\/\/www.sudoestehoje.com.br\/novoportal\/wp-json\/wp\/v2\/posts\/2252\/revisions\/2255"}],"wp:attachment":[{"href":"https:\/\/www.sudoestehoje.com.br\/novoportal\/wp-json\/wp\/v2\/media?parent=2252"}],"wp:term":[{"taxonomy":"category","embeddable":true,"href":"https:\/\/www.sudoestehoje.com.br\/novoportal\/wp-json\/wp\/v2\/categories?post=2252"},{"taxonomy":"post_tag","embeddable":true,"href":"https:\/\/www.sudoestehoje.com.br\/novoportal\/wp-json\/wp\/v2\/tags?post=2252"}],"curies":[{"name":"wp","href":"https:\/\/api.w.org\/{rel}","templated":true}]}}