
{"id":22511,"date":"2012-12-04T00:02:21","date_gmt":"2012-12-04T03:02:21","guid":{"rendered":"http:\/\/www.sudoestehoje.com.br\/novoportal\/?p=22511"},"modified":"2012-12-04T09:20:35","modified_gmt":"2012-12-04T12:20:35","slug":"de-quem-e-a-culpa","status":"publish","type":"post","link":"https:\/\/www.sudoestehoje.com.br\/novoportal\/2012\/12\/04\/de-quem-e-a-culpa\/","title":{"rendered":"DE QUEM \u00c9 A CULPA?"},"content":{"rendered":"<p style=\"text-align: center;\"><a href=\"http:\/\/www.sudoestehoje.com.br\/novoportal\/wp-content\/uploads\/2012\/12\/imagesd-horz.jpg\"><img decoding=\"async\" class=\"aligncenter  wp-image-22513\" title=\"imagesd-horz\" src=\"http:\/\/www.sudoestehoje.com.br\/novoportal\/wp-content\/uploads\/2012\/12\/imagesd-horz.jpg\" alt=\"\" width=\"350\" \/><\/a><\/p>\n<p>&nbsp;<\/p>\n<p>Mesmo com os reiterados avisos por parte deste blog, a classe pol\u00edtica se diz surpresa pelo fechamento das 12 filiais da Azaleia, anunciado no \u00faltimo dia 30. De l\u00e1 para c\u00e1, come\u00e7ou um verdadeiro &#8216;jogo de empurra&#8217;, cada um colocando a culpa no outro.<\/p>\n<p>Pegos com as cal\u00e7as nas m\u00e3os, os nossos dignos representantes v\u00eam se manifestando de forma atordoada, cada grupo empurrando a bola para o advers\u00e1rio. Fustigados por este blog, os deputados da regi\u00e3o ligados \u00e0 oposi\u00e7\u00e3o, disseram que a culpa \u00e9 do governo estadual, que nada fez para impedir o desastre; os da situa\u00e7\u00e3o se defendem, colocando a culpa na Azaleia, que teria utilizado das benesses do governo e depois abandou o barco, sem pr\u00e9vio aviso; os mais radicais culpam o capitalismo&#8230;<\/p>\n<p>Por fim, vem o governo estadual, atrav\u00e9s do secret\u00e1rio da Ind\u00fastria e Com\u00e9rcio, e p\u00f5e a culpa no governo federal, que n\u00e3o adotou as medidas <em>anti-dumping<\/em>\u00a0capazes de conter a enxurrada de cal\u00e7ados chineses, de qualidade duvidosa, que entra no pa\u00eds a pre\u00e7os baix\u00edssimos, derrubando o produto nacional.<\/p>\n<p>No meio de toda a confus\u00e3o, aparece o aluado do prefeito, totalmente na contra-m\u00e3o dos acontecimentos, anunciando que o governador lhe garantiu que a Azaleia vai voltar a admitir empregados, quando na verdade est\u00e1 demitindo a rodo.<\/p>\n<p>Eu, mero cidad\u00e3o e blogueiro &#8216;linguarudo&#8217;, culpo a todos eles, sem exce\u00e7\u00e3o, \u00a0por absoluta incompet\u00eancia, falta de interesse e por esconderem o jogo por tanto tempo, deixando os trabalhadores e a sociedade de Itapetinga e regi\u00e3o entregues \u00e0 pr\u00f3pria sorte, sem discutir alternativas para amenizar t\u00e3o grave problema.<\/p>\n<p>E para voc\u00ea, quem \u00e9 mesmo o culpado?<\/p>\n<p><strong><em>Por Davi Ferraz\u00a0<\/em><\/strong><\/p>\n","protected":false},"excerpt":{"rendered":"<p>&nbsp; Mesmo com os reiterados avisos por parte deste blog, a classe pol\u00edtica se diz surpresa pelo fechamento das 12 filiais da Azaleia, anunciado no \u00faltimo dia 30. De l\u00e1 para c\u00e1, come\u00e7ou um verdadeiro &#8216;jogo de empurra&#8217;, cada um colocando a culpa no outro. Pegos com as cal\u00e7as nas m\u00e3os, os nossos dignos representantes [&hellip;]<\/p>\n","protected":false},"author":2,"featured_media":0,"comment_status":"open","ping_status":"open","sticky":false,"template":"","format":"standard","meta":{"footnotes":"","_links_to":"","_links_to_target":""},"categories":[1],"tags":[],"class_list":["post-22511","post","type-post","status-publish","format-standard","hentry","category-geral"],"views":1158,"_links":{"self":[{"href":"https:\/\/www.sudoestehoje.com.br\/novoportal\/wp-json\/wp\/v2\/posts\/22511","targetHints":{"allow":["GET"]}}],"collection":[{"href":"https:\/\/www.sudoestehoje.com.br\/novoportal\/wp-json\/wp\/v2\/posts"}],"about":[{"href":"https:\/\/www.sudoestehoje.com.br\/novoportal\/wp-json\/wp\/v2\/types\/post"}],"author":[{"embeddable":true,"href":"https:\/\/www.sudoestehoje.com.br\/novoportal\/wp-json\/wp\/v2\/users\/2"}],"replies":[{"embeddable":true,"href":"https:\/\/www.sudoestehoje.com.br\/novoportal\/wp-json\/wp\/v2\/comments?post=22511"}],"version-history":[{"count":9,"href":"https:\/\/www.sudoestehoje.com.br\/novoportal\/wp-json\/wp\/v2\/posts\/22511\/revisions"}],"predecessor-version":[{"id":22521,"href":"https:\/\/www.sudoestehoje.com.br\/novoportal\/wp-json\/wp\/v2\/posts\/22511\/revisions\/22521"}],"wp:attachment":[{"href":"https:\/\/www.sudoestehoje.com.br\/novoportal\/wp-json\/wp\/v2\/media?parent=22511"}],"wp:term":[{"taxonomy":"category","embeddable":true,"href":"https:\/\/www.sudoestehoje.com.br\/novoportal\/wp-json\/wp\/v2\/categories?post=22511"},{"taxonomy":"post_tag","embeddable":true,"href":"https:\/\/www.sudoestehoje.com.br\/novoportal\/wp-json\/wp\/v2\/tags?post=22511"}],"curies":[{"name":"wp","href":"https:\/\/api.w.org\/{rel}","templated":true}]}}