
{"id":22505,"date":"2012-12-03T16:58:13","date_gmt":"2012-12-03T19:58:13","guid":{"rendered":"http:\/\/www.sudoestehoje.com.br\/novoportal\/?p=22505"},"modified":"2012-12-03T16:58:13","modified_gmt":"2012-12-03T19:58:13","slug":"militancia-petista-receia-vestir-camisa-pro-dirceu","status":"publish","type":"post","link":"https:\/\/www.sudoestehoje.com.br\/novoportal\/2012\/12\/03\/militancia-petista-receia-vestir-camisa-pro-dirceu\/","title":{"rendered":"MILIT\u00c2NCIA PETISTA RECEIA VESTIR CAMISA PR\u00d3-DIRCEU"},"content":{"rendered":"<p><img decoding=\"async\" class=\"aligncenter\" src=\"http:\/\/www.politicalivre.com.br\/wp-content\/thumbgen_cache\/117ba0a3a5e8f7236e282abdaa42baee.jpg\" alt=\"\" width=\"400\" \/><\/p>\n<p>&nbsp;<\/p>\n<p>Do\u00a0<a href=\"http:\/\/www.politicalivre.com.br\/2012\/12\/exclusivo-militancia-teme-vestir-camisa-em-defesa-de-dirceu-nas-ruas\/\" target=\"_blank\"><strong>Pol\u00edtica Livre<\/strong><\/a><\/p>\n<p>Um pouco timidamente, petistas j\u00e1 come\u00e7aram a distribuir na Bahia as pe\u00e7as da campanha em defesa do ex-ministro Jos\u00e9 Dirceu, condenado a 10 anos e 10 meses de pris\u00e3o por envolvimento no mensal\u00e3o. Por enquanto, a receptividade ao uso da camisa \u201cDirceu, estamos com voc\u00ea\u201d tem sido tamb\u00e9m muito discreta, revela um petista ao Pol\u00edtica Livre. Ele acrescenta que a milit\u00e2ncia tem alegado que prefere vestir a pe\u00e7a num evento espec\u00edfico em defesa do ex-ministro do que sair por a\u00ed, exibindo-a no corpo. \u201cA milit\u00e2ncia tem se sentido intimidada pela rea\u00e7\u00e3o das pessoas nas ruas\u201d, conta.<\/p>\n","protected":false},"excerpt":{"rendered":"<p>&nbsp; Do\u00a0Pol\u00edtica Livre Um pouco timidamente, petistas j\u00e1 come\u00e7aram a distribuir na Bahia as pe\u00e7as da campanha em defesa do ex-ministro Jos\u00e9 Dirceu, condenado a 10 anos e 10 meses de pris\u00e3o por envolvimento no mensal\u00e3o. Por enquanto, a receptividade ao uso da camisa \u201cDirceu, estamos com voc\u00ea\u201d tem sido tamb\u00e9m muito discreta, revela um [&hellip;]<\/p>\n","protected":false},"author":2,"featured_media":0,"comment_status":"open","ping_status":"open","sticky":false,"template":"","format":"standard","meta":{"footnotes":"","_links_to":"","_links_to_target":""},"categories":[1],"tags":[],"class_list":["post-22505","post","type-post","status-publish","format-standard","hentry","category-geral"],"views":1203,"_links":{"self":[{"href":"https:\/\/www.sudoestehoje.com.br\/novoportal\/wp-json\/wp\/v2\/posts\/22505","targetHints":{"allow":["GET"]}}],"collection":[{"href":"https:\/\/www.sudoestehoje.com.br\/novoportal\/wp-json\/wp\/v2\/posts"}],"about":[{"href":"https:\/\/www.sudoestehoje.com.br\/novoportal\/wp-json\/wp\/v2\/types\/post"}],"author":[{"embeddable":true,"href":"https:\/\/www.sudoestehoje.com.br\/novoportal\/wp-json\/wp\/v2\/users\/2"}],"replies":[{"embeddable":true,"href":"https:\/\/www.sudoestehoje.com.br\/novoportal\/wp-json\/wp\/v2\/comments?post=22505"}],"version-history":[{"count":3,"href":"https:\/\/www.sudoestehoje.com.br\/novoportal\/wp-json\/wp\/v2\/posts\/22505\/revisions"}],"predecessor-version":[{"id":22508,"href":"https:\/\/www.sudoestehoje.com.br\/novoportal\/wp-json\/wp\/v2\/posts\/22505\/revisions\/22508"}],"wp:attachment":[{"href":"https:\/\/www.sudoestehoje.com.br\/novoportal\/wp-json\/wp\/v2\/media?parent=22505"}],"wp:term":[{"taxonomy":"category","embeddable":true,"href":"https:\/\/www.sudoestehoje.com.br\/novoportal\/wp-json\/wp\/v2\/categories?post=22505"},{"taxonomy":"post_tag","embeddable":true,"href":"https:\/\/www.sudoestehoje.com.br\/novoportal\/wp-json\/wp\/v2\/tags?post=22505"}],"curies":[{"name":"wp","href":"https:\/\/api.w.org\/{rel}","templated":true}]}}