
{"id":22494,"date":"2012-12-03T12:49:56","date_gmt":"2012-12-03T15:49:56","guid":{"rendered":"http:\/\/www.sudoestehoje.com.br\/novoportal\/?p=22494"},"modified":"2012-12-03T15:38:53","modified_gmt":"2012-12-03T18:38:53","slug":"itororo-acougueiros-e-magarefes-fazem-protesto-nesta-terca-em-frente-a-prefeitura","status":"publish","type":"post","link":"https:\/\/www.sudoestehoje.com.br\/novoportal\/2012\/12\/03\/itororo-acougueiros-e-magarefes-fazem-protesto-nesta-terca-em-frente-a-prefeitura\/","title":{"rendered":"ITOROR\u00d3: A\u00c7OUGUEIROS E MAGAREFES FAZEM PROTESTO NESTA TER\u00c7A CONTRA FECHAMENTO DO MATADOURO"},"content":{"rendered":"<p><a href=\"http:\/\/www.sudoestehoje.com.br\/novoportal\/wp-content\/uploads\/2012\/12\/PREFEITURA-MUNICIPAL-DE-ITORORO.jpg\"><img loading=\"lazy\" decoding=\"async\" class=\"aligncenter size-medium wp-image-22496\" title=\"PREFEITURA MUNICIPAL DE ITORORO\" src=\"http:\/\/www.sudoestehoje.com.br\/novoportal\/wp-content\/uploads\/2012\/12\/PREFEITURA-MUNICIPAL-DE-ITORORO-500x332.jpg\" alt=\"\" width=\"500\" height=\"332\" srcset=\"https:\/\/www.sudoestehoje.com.br\/novoportal\/wp-content\/uploads\/2012\/12\/PREFEITURA-MUNICIPAL-DE-ITORORO-500x332.jpg 500w, https:\/\/www.sudoestehoje.com.br\/novoportal\/wp-content\/uploads\/2012\/12\/PREFEITURA-MUNICIPAL-DE-ITORORO-700x465.jpg 700w, https:\/\/www.sudoestehoje.com.br\/novoportal\/wp-content\/uploads\/2012\/12\/PREFEITURA-MUNICIPAL-DE-ITORORO.jpg 1145w\" sizes=\"auto, (max-width: 500px) 100vw, 500px\" \/><\/a><\/p>\n<p>&nbsp;<\/p>\n<p>Est\u00e1 marcada para esta ter\u00e7a-feira, a partir das 8 da manh\u00e3, uma marcha dos trabalhadores do ramo da carne-de-sol em protesto contra o fechamento do Matadouro Municipal de Itoror\u00f3. A marcha sair\u00e1 do Matadouro at\u00e9 a Prefeitura Municipal e o f\u00f3rum Durval Fraga. Magarefes e a\u00e7ougueiros se reunir\u00e3o ali para reivindicar do prefeito Adroaldo, o cumprimento do acordo com o Minist\u00e9rio P\u00fablico. O movimento cobrar\u00e1 das autoridades, as melhorias e adequa\u00e7\u00f5es para o uso do ambiente de trabalho, conforme portaria 304.<strong><\/strong><\/p>\n<p>Vale lembrar que s\u00e3o mais de 500 fam\u00edlias jogadas no olho da rua, e que est\u00e3o sem orienta\u00e7\u00e3o sobre o que fazer. Os reflexos da medida do fechamento do Matadouro Municipal por parte do Minist\u00e9rio P\u00fablico na \u00faltima sexta-feira, est\u00e3o deixando as fam\u00edlias trabalhadoras em situa\u00e7\u00e3o calamitosa. Tudo em fun\u00e7\u00e3o do acordo n\u00e3o cumprido pelo prefeito Adroaldo. Mais uma vez a prefeitura ser\u00e1 palco de reivindica\u00e7\u00f5es do povo de Itoror\u00f3.<\/p>\n<p><strong><em>Milton Marinho<\/em><\/strong><\/p>\n","protected":false},"excerpt":{"rendered":"<p>&nbsp; Est\u00e1 marcada para esta ter\u00e7a-feira, a partir das 8 da manh\u00e3, uma marcha dos trabalhadores do ramo da carne-de-sol em protesto contra o fechamento do Matadouro Municipal de Itoror\u00f3. A marcha sair\u00e1 do Matadouro at\u00e9 a Prefeitura Municipal e o f\u00f3rum Durval Fraga. Magarefes e a\u00e7ougueiros se reunir\u00e3o ali para reivindicar do prefeito Adroaldo, [&hellip;]<\/p>\n","protected":false},"author":2,"featured_media":0,"comment_status":"open","ping_status":"open","sticky":false,"template":"","format":"standard","meta":{"footnotes":"","_links_to":"","_links_to_target":""},"categories":[1],"tags":[],"class_list":["post-22494","post","type-post","status-publish","format-standard","hentry","category-geral"],"views":2847,"_links":{"self":[{"href":"https:\/\/www.sudoestehoje.com.br\/novoportal\/wp-json\/wp\/v2\/posts\/22494","targetHints":{"allow":["GET"]}}],"collection":[{"href":"https:\/\/www.sudoestehoje.com.br\/novoportal\/wp-json\/wp\/v2\/posts"}],"about":[{"href":"https:\/\/www.sudoestehoje.com.br\/novoportal\/wp-json\/wp\/v2\/types\/post"}],"author":[{"embeddable":true,"href":"https:\/\/www.sudoestehoje.com.br\/novoportal\/wp-json\/wp\/v2\/users\/2"}],"replies":[{"embeddable":true,"href":"https:\/\/www.sudoestehoje.com.br\/novoportal\/wp-json\/wp\/v2\/comments?post=22494"}],"version-history":[{"count":5,"href":"https:\/\/www.sudoestehoje.com.br\/novoportal\/wp-json\/wp\/v2\/posts\/22494\/revisions"}],"predecessor-version":[{"id":22498,"href":"https:\/\/www.sudoestehoje.com.br\/novoportal\/wp-json\/wp\/v2\/posts\/22494\/revisions\/22498"}],"wp:attachment":[{"href":"https:\/\/www.sudoestehoje.com.br\/novoportal\/wp-json\/wp\/v2\/media?parent=22494"}],"wp:term":[{"taxonomy":"category","embeddable":true,"href":"https:\/\/www.sudoestehoje.com.br\/novoportal\/wp-json\/wp\/v2\/categories?post=22494"},{"taxonomy":"post_tag","embeddable":true,"href":"https:\/\/www.sudoestehoje.com.br\/novoportal\/wp-json\/wp\/v2\/tags?post=22494"}],"curies":[{"name":"wp","href":"https:\/\/api.w.org\/{rel}","templated":true}]}}