
{"id":22484,"date":"2012-12-02T20:20:52","date_gmt":"2012-12-02T23:20:52","guid":{"rendered":"http:\/\/www.sudoestehoje.com.br\/novoportal\/?p=22484"},"modified":"2012-12-02T20:20:52","modified_gmt":"2012-12-02T23:20:52","slug":"heraldo-rocha-cobra-do-governo-reacao-ao-fechamento-da-azaleia","status":"publish","type":"post","link":"https:\/\/www.sudoestehoje.com.br\/novoportal\/2012\/12\/02\/heraldo-rocha-cobra-do-governo-reacao-ao-fechamento-da-azaleia\/","title":{"rendered":"HERALDO ROCHA COBRA DO GOVERNO REA\u00c7\u00c3O AO FECHAMENTO DA AZALEIA"},"content":{"rendered":"<p><img decoding=\"async\" class=\"aligncenter\" src=\"http:\/\/democratas25bahia.com.br\/wp-content\/uploads\/2012\/10\/Heraldo-Rocha.jpg\" alt=\"\" width=\"400\" \/><\/p>\n<p style=\"text-align: center;\">\u00a0<em>Heraldo Rocha \u00e9 presidente do DEM em Salvador<\/em><\/p>\n<p><strong><em>Pol\u00edtica Livre<\/em><\/strong><\/p>\n<p>O presidente do DEM municipal, o ex-deputado estadual Heraldo Rocha, disse hoje que o fechamento das 12 plantas industriais da f\u00e1brica de cal\u00e7ados Azal\u00e9ia e consequente demiss\u00e3o de quatro mil funcion\u00e1rios na Bahia foi uma \u201ctrag\u00e9dia anunciada\u201d. \u201cH\u00e1 muito tempo que v\u00ednhamos alertando para que isso n\u00e3o acontecesse. Pergunto: quais provid\u00eancias foram tomadas pelo atual governo para evitar esse triste desfecho? J\u00e1 que o governador Jaques Wagner n\u00e3o traz empregos para a Bahia que n\u00e3o deixe que se acabem os que j\u00e1 existem\u201d, disse, ao lamentar a situa\u00e7\u00e3o, que, segundo ele, ir\u00e1 gerar \u201cum caos social\u201d nos munic\u00edpios de Caatiba, Firmino Alves, Itamb\u00e9, Itapetinga, Itoror\u00f3 e Macarani, onde ir\u00e1 permanecer apenas a sede.<\/p>\n<p>Conforme o democrata, nessas cidades a economia \u00e9 bastante ligada \u00e0 pecu\u00e1ria, mas a grave seca que atingiu todo o Estado este ano prejudicou o setor. \u201cAgora com o fechamento dessas f\u00e1bricas o quadro econ\u00f4mico e social desses munic\u00edpios tende a piorar\u201d, afirmou. O ex-deputado lembra que a f\u00e1brica foi implantada no Estado, durante o governo Paulo Souto, sendo disseminada por toda a regi\u00e3o, que chegou a receber na \u00e9poca mais de dez mil empregos. \u201cFoi um fator de desenvolvimento important\u00edssimo para a regi\u00e3o. Lament\u00e1vel que n\u00e3o seja mantido\u201d, afirmou.<\/p>\n","protected":false},"excerpt":{"rendered":"<p>\u00a0Heraldo Rocha \u00e9 presidente do DEM em Salvador Pol\u00edtica Livre O presidente do DEM municipal, o ex-deputado estadual Heraldo Rocha, disse hoje que o fechamento das 12 plantas industriais da f\u00e1brica de cal\u00e7ados Azal\u00e9ia e consequente demiss\u00e3o de quatro mil funcion\u00e1rios na Bahia foi uma \u201ctrag\u00e9dia anunciada\u201d. \u201cH\u00e1 muito tempo que v\u00ednhamos alertando para que [&hellip;]<\/p>\n","protected":false},"author":2,"featured_media":0,"comment_status":"open","ping_status":"open","sticky":false,"template":"","format":"standard","meta":{"footnotes":"","_links_to":"","_links_to_target":""},"categories":[1],"tags":[],"class_list":["post-22484","post","type-post","status-publish","format-standard","hentry","category-geral"],"views":1120,"_links":{"self":[{"href":"https:\/\/www.sudoestehoje.com.br\/novoportal\/wp-json\/wp\/v2\/posts\/22484","targetHints":{"allow":["GET"]}}],"collection":[{"href":"https:\/\/www.sudoestehoje.com.br\/novoportal\/wp-json\/wp\/v2\/posts"}],"about":[{"href":"https:\/\/www.sudoestehoje.com.br\/novoportal\/wp-json\/wp\/v2\/types\/post"}],"author":[{"embeddable":true,"href":"https:\/\/www.sudoestehoje.com.br\/novoportal\/wp-json\/wp\/v2\/users\/2"}],"replies":[{"embeddable":true,"href":"https:\/\/www.sudoestehoje.com.br\/novoportal\/wp-json\/wp\/v2\/comments?post=22484"}],"version-history":[{"count":3,"href":"https:\/\/www.sudoestehoje.com.br\/novoportal\/wp-json\/wp\/v2\/posts\/22484\/revisions"}],"predecessor-version":[{"id":22487,"href":"https:\/\/www.sudoestehoje.com.br\/novoportal\/wp-json\/wp\/v2\/posts\/22484\/revisions\/22487"}],"wp:attachment":[{"href":"https:\/\/www.sudoestehoje.com.br\/novoportal\/wp-json\/wp\/v2\/media?parent=22484"}],"wp:term":[{"taxonomy":"category","embeddable":true,"href":"https:\/\/www.sudoestehoje.com.br\/novoportal\/wp-json\/wp\/v2\/categories?post=22484"},{"taxonomy":"post_tag","embeddable":true,"href":"https:\/\/www.sudoestehoje.com.br\/novoportal\/wp-json\/wp\/v2\/tags?post=22484"}],"curies":[{"name":"wp","href":"https:\/\/api.w.org\/{rel}","templated":true}]}}