
{"id":22459,"date":"2012-12-02T09:30:00","date_gmt":"2012-12-02T12:30:00","guid":{"rendered":"http:\/\/www.sudoestehoje.com.br\/novoportal\/?p=22459"},"modified":"2012-12-02T09:30:00","modified_gmt":"2012-12-02T12:30:00","slug":"criticado-geraldo-simoes-diz-que-tentara-reverter-decisao-da-azaleia","status":"publish","type":"post","link":"https:\/\/www.sudoestehoje.com.br\/novoportal\/2012\/12\/02\/criticado-geraldo-simoes-diz-que-tentara-reverter-decisao-da-azaleia\/","title":{"rendered":"CRITICADO, GERALDO SIM\u00d5ES DIZ QUE TENTAR\u00c1 REVERTER DECIS\u00c3O DA AZAL\u00c9IA"},"content":{"rendered":"<p><img decoding=\"async\" class=\"aligncenter\" src=\"http:\/\/www.pimenta.blog.br\/wp-content\/uploads\/geraldo-sim%C3%B5es-brasilia312.jpg\" alt=\"\" width=\"400\" \/><\/p>\n<p style=\"text-align: center;\"><em>Deputado s\u00f3 acordou depois da cr\u00edtica de Davi Ferraz no Pimenta<\/em><\/p>\n<p>&nbsp;<\/p>\n<p><strong><em>BLOG PIMENTA<\/em><\/strong><\/p>\n<p>ITAPETINGA: Criticado pela falta de uma a\u00e7\u00e3o incisiva em defesa dos trabalhadores das unidades da Azal\u00e9ia no sudoeste da Bahia\u00a0<a href=\"http:\/\/www.pimenta.blog.br\/2012\/12\/01\/o-fechamento-da-azaleia-e-o-silencio-dos-deputados\/\"><strong>(veja aqui)<\/strong><\/a>, o deputado federal\u00a0<strong>Geraldo Sim\u00f5es<\/strong>\u00a0(PT) se manifestou sobre o assunto neste s\u00e1bado, 1\u00ba.<\/p>\n<p>Segundo GS, ap\u00f3s uma reuni\u00e3o ocorrida no in\u00edcio do ano em Bras\u00edlia, a Azal\u00e9ia obteve novos financiamentos, isen\u00e7\u00e3o fiscal e garantia de maior controle sobre a importa\u00e7\u00e3o de cal\u00e7ados produzidos na China. \u201cAgora, sem qualquer negocia\u00e7\u00e3o, a empresa fecha f\u00e1bricas no sudoeste da Bahia, prejudicando milhares de pessoas\u201d, afirma o parlamentar.<\/p>\n<p>Ele declarou ainda que pretende mobilizar a bancada baiana no Congresso, a partir da pr\u00f3xima semana, com o objetivo de \u201ctentar reverter o processo\u201d.<\/p>\n","protected":false},"excerpt":{"rendered":"<p>Deputado s\u00f3 acordou depois da cr\u00edtica de Davi Ferraz no Pimenta &nbsp; BLOG PIMENTA ITAPETINGA: Criticado pela falta de uma a\u00e7\u00e3o incisiva em defesa dos trabalhadores das unidades da Azal\u00e9ia no sudoeste da Bahia\u00a0(veja aqui), o deputado federal\u00a0Geraldo Sim\u00f5es\u00a0(PT) se manifestou sobre o assunto neste s\u00e1bado, 1\u00ba. Segundo GS, ap\u00f3s uma reuni\u00e3o ocorrida no in\u00edcio [&hellip;]<\/p>\n","protected":false},"author":2,"featured_media":0,"comment_status":"open","ping_status":"open","sticky":false,"template":"","format":"standard","meta":{"footnotes":"","_links_to":"","_links_to_target":""},"categories":[1],"tags":[],"class_list":["post-22459","post","type-post","status-publish","format-standard","hentry","category-geral"],"views":1187,"_links":{"self":[{"href":"https:\/\/www.sudoestehoje.com.br\/novoportal\/wp-json\/wp\/v2\/posts\/22459","targetHints":{"allow":["GET"]}}],"collection":[{"href":"https:\/\/www.sudoestehoje.com.br\/novoportal\/wp-json\/wp\/v2\/posts"}],"about":[{"href":"https:\/\/www.sudoestehoje.com.br\/novoportal\/wp-json\/wp\/v2\/types\/post"}],"author":[{"embeddable":true,"href":"https:\/\/www.sudoestehoje.com.br\/novoportal\/wp-json\/wp\/v2\/users\/2"}],"replies":[{"embeddable":true,"href":"https:\/\/www.sudoestehoje.com.br\/novoportal\/wp-json\/wp\/v2\/comments?post=22459"}],"version-history":[{"count":3,"href":"https:\/\/www.sudoestehoje.com.br\/novoportal\/wp-json\/wp\/v2\/posts\/22459\/revisions"}],"predecessor-version":[{"id":22462,"href":"https:\/\/www.sudoestehoje.com.br\/novoportal\/wp-json\/wp\/v2\/posts\/22459\/revisions\/22462"}],"wp:attachment":[{"href":"https:\/\/www.sudoestehoje.com.br\/novoportal\/wp-json\/wp\/v2\/media?parent=22459"}],"wp:term":[{"taxonomy":"category","embeddable":true,"href":"https:\/\/www.sudoestehoje.com.br\/novoportal\/wp-json\/wp\/v2\/categories?post=22459"},{"taxonomy":"post_tag","embeddable":true,"href":"https:\/\/www.sudoestehoje.com.br\/novoportal\/wp-json\/wp\/v2\/tags?post=22459"}],"curies":[{"name":"wp","href":"https:\/\/api.w.org\/{rel}","templated":true}]}}