
{"id":22444,"date":"2012-12-01T12:25:20","date_gmt":"2012-12-01T15:25:20","guid":{"rendered":"http:\/\/www.sudoestehoje.com.br\/novoportal\/?p=22444"},"modified":"2012-12-01T12:25:20","modified_gmt":"2012-12-01T15:25:20","slug":"brasil-jogara-contra-a-italia-na-arena-fonte-nova","status":"publish","type":"post","link":"https:\/\/www.sudoestehoje.com.br\/novoportal\/2012\/12\/01\/brasil-jogara-contra-a-italia-na-arena-fonte-nova\/","title":{"rendered":"BRASIL JOGAR\u00c1 CONTRA A IT\u00c1LIA NA ARENA FONTE NOVA"},"content":{"rendered":"<p style=\"text-align: center;\"><img decoding=\"async\" class=\"aligncenter\" src=\"http:\/\/3.bp.blogspot.com\/_xPweIsae3t8\/TB5HXQKxjwI\/AAAAAAAAA-w\/Fpbc0WkulEc\/s1600\/Final+1994+-+Brasil+x+It%C3%A1lia.jpg\" alt=\"\" width=\"500\" \/><\/p>\n<p>&nbsp;<\/p>\n<p>A advers\u00e1ria da Sele\u00e7\u00e3o Brasileira na terceira rodada da Copa das Confedera\u00e7\u00f5es, no dia 22 de junho, um s\u00e1bado, \u00e0s 16h, ser\u00e1 a It\u00e1lia, o que deve fazer o Pelourinho virar a concentra\u00e7\u00e3o dos torcedores da \u201cAzzurra\u201d, segundo\u00a0<a href=\"http:\/\/www.bahianoticias.com.br\/esportes\/noticia\/23121-italiano-que-mora-em-salvador-quer-sua-selecao-na-fonte-%E2%80%98mesmo-que-eu-veja-so-o-2-tempo%E2%80%99.html\" target=\"_blank\">Salvatore Distefano, italiano que reside em Salvador<\/a>. O campe\u00e3o da Copa Am\u00e9rica, Uruguai, enfrentar\u00e1 o campe\u00e3o da Copa das Na\u00e7\u00f5es Africanos, que ser\u00e1 confirmado em fevereiro, no dia 20 de junho \u00e0s 19h, na Arena Fonte Nova.<\/p>\n","protected":false},"excerpt":{"rendered":"<p>&nbsp; A advers\u00e1ria da Sele\u00e7\u00e3o Brasileira na terceira rodada da Copa das Confedera\u00e7\u00f5es, no dia 22 de junho, um s\u00e1bado, \u00e0s 16h, ser\u00e1 a It\u00e1lia, o que deve fazer o Pelourinho virar a concentra\u00e7\u00e3o dos torcedores da \u201cAzzurra\u201d, segundo\u00a0Salvatore Distefano, italiano que reside em Salvador. O campe\u00e3o da Copa Am\u00e9rica, Uruguai, enfrentar\u00e1 o campe\u00e3o da [&hellip;]<\/p>\n","protected":false},"author":2,"featured_media":0,"comment_status":"open","ping_status":"open","sticky":false,"template":"","format":"standard","meta":{"footnotes":"","_links_to":"","_links_to_target":""},"categories":[1],"tags":[],"class_list":["post-22444","post","type-post","status-publish","format-standard","hentry","category-geral"],"views":1138,"_links":{"self":[{"href":"https:\/\/www.sudoestehoje.com.br\/novoportal\/wp-json\/wp\/v2\/posts\/22444","targetHints":{"allow":["GET"]}}],"collection":[{"href":"https:\/\/www.sudoestehoje.com.br\/novoportal\/wp-json\/wp\/v2\/posts"}],"about":[{"href":"https:\/\/www.sudoestehoje.com.br\/novoportal\/wp-json\/wp\/v2\/types\/post"}],"author":[{"embeddable":true,"href":"https:\/\/www.sudoestehoje.com.br\/novoportal\/wp-json\/wp\/v2\/users\/2"}],"replies":[{"embeddable":true,"href":"https:\/\/www.sudoestehoje.com.br\/novoportal\/wp-json\/wp\/v2\/comments?post=22444"}],"version-history":[{"count":2,"href":"https:\/\/www.sudoestehoje.com.br\/novoportal\/wp-json\/wp\/v2\/posts\/22444\/revisions"}],"predecessor-version":[{"id":22446,"href":"https:\/\/www.sudoestehoje.com.br\/novoportal\/wp-json\/wp\/v2\/posts\/22444\/revisions\/22446"}],"wp:attachment":[{"href":"https:\/\/www.sudoestehoje.com.br\/novoportal\/wp-json\/wp\/v2\/media?parent=22444"}],"wp:term":[{"taxonomy":"category","embeddable":true,"href":"https:\/\/www.sudoestehoje.com.br\/novoportal\/wp-json\/wp\/v2\/categories?post=22444"},{"taxonomy":"post_tag","embeddable":true,"href":"https:\/\/www.sudoestehoje.com.br\/novoportal\/wp-json\/wp\/v2\/tags?post=22444"}],"curies":[{"name":"wp","href":"https:\/\/api.w.org\/{rel}","templated":true}]}}