
{"id":22431,"date":"2012-12-01T09:21:26","date_gmt":"2012-12-01T12:21:26","guid":{"rendered":"http:\/\/www.sudoestehoje.com.br\/novoportal\/?p=22431"},"modified":"2012-12-01T10:04:20","modified_gmt":"2012-12-01T13:04:20","slug":"a-buraqueira-do-recanto-da-colina","status":"publish","type":"post","link":"https:\/\/www.sudoestehoje.com.br\/novoportal\/2012\/12\/01\/a-buraqueira-do-recanto-da-colina\/","title":{"rendered":"A BURAQUEIRA DO RECANTO DA COLINA"},"content":{"rendered":"<div id=\"attachment_22433\" style=\"width: 510px\" class=\"wp-caption aligncenter\"><a href=\"http:\/\/www.sudoestehoje.com.br\/novoportal\/wp-content\/uploads\/2012\/12\/100_8189.jpg\"><img loading=\"lazy\" decoding=\"async\" aria-describedby=\"caption-attachment-22433\" class=\"size-medium wp-image-22433\" title=\"100_8189\" src=\"http:\/\/www.sudoestehoje.com.br\/novoportal\/wp-content\/uploads\/2012\/12\/100_8189-500x333.jpg\" alt=\"\" width=\"500\" height=\"333\" srcset=\"https:\/\/www.sudoestehoje.com.br\/novoportal\/wp-content\/uploads\/2012\/12\/100_8189-500x333.jpg 500w, https:\/\/www.sudoestehoje.com.br\/novoportal\/wp-content\/uploads\/2012\/12\/100_8189-700x466.jpg 700w, https:\/\/www.sudoestehoje.com.br\/novoportal\/wp-content\/uploads\/2012\/12\/100_8189.jpg 1800w\" sizes=\"auto, (max-width: 500px) 100vw, 500px\" \/><\/a><p id=\"caption-attachment-22433\" class=\"wp-caption-text\">Uma cena comum nas principais ruas do Recanto da Colina s\u00e3o as imensas valetas formadas pelas \u00e1guas das chuvas. Em algumas ocasi\u00f5es, moradores ficaram sem poder sair com seus ve\u00edculos das garagens, devido aos buracos escavados pelas enxurradas.<\/p><\/div>\n<p>&nbsp;<\/p>\n<p>ITAPETINGA: O bairro Recanto da Colina, tido como um dos mais &#8220;chiques&#8221; da cidade, \u00e9 um abandono s\u00f3. De todos os bairros de Itapetinga, sem sombra de d\u00favida \u00e9 o mais esquecido, apesar de abrigar moradores ilustres, como o prefeito Jos\u00e9 Carlos e o seu vice Edilson Lima, e outros menos ilustres, como este blogueiro.<\/p>\n<p><a href=\"http:\/\/www.sudoestehoje.com.br\/novoportal\/wp-content\/uploads\/2012\/12\/100_8187.jpg\"><img loading=\"lazy\" decoding=\"async\" class=\"aligncenter size-medium wp-image-22435\" title=\"100_8187\" src=\"http:\/\/www.sudoestehoje.com.br\/novoportal\/wp-content\/uploads\/2012\/12\/100_8187-500x333.jpg\" alt=\"\" width=\"500\" height=\"333\" srcset=\"https:\/\/www.sudoestehoje.com.br\/novoportal\/wp-content\/uploads\/2012\/12\/100_8187-500x333.jpg 500w, https:\/\/www.sudoestehoje.com.br\/novoportal\/wp-content\/uploads\/2012\/12\/100_8187-700x466.jpg 700w, https:\/\/www.sudoestehoje.com.br\/novoportal\/wp-content\/uploads\/2012\/12\/100_8187.jpg 1800w\" sizes=\"auto, (max-width: 500px) 100vw, 500px\" \/><\/a><\/p>\n<p>O \u00fanico benef\u00edcio que o bairro recebe da administra\u00e7\u00e3o municipal, em todas elas, \u00e9 um simples patrolamento das ruas, quando os buracos inviabilizam totalmente o tr\u00e1fego de ve\u00edculos. Quando chove, valetas imensas se formam, como aconteceu nas \u00faltimas semanas. A prefeitura mal terminou de patrolar, veio a chuva e desmanchou tudo, obrigando a secretaria de transportes a refazer o que j\u00e1 havia sido feito, mas de forma prec\u00e1ria.<\/p>\n<p>O Recanto da Colina necessita de rede de esgotos sanit\u00e1rio e pluvial, pavimenta\u00e7\u00e3o das ruas, entrega de correspond\u00eancias pelos correios, substitui\u00e7\u00e3o de toda a rede de cabos telef\u00f4nicos (internet prec\u00e1ria), constru\u00e7\u00e3o de pra\u00e7as e jardins e retirada de animais (cavalos, vacas, etc), dentre outros benef\u00edcios.<\/p>\n<p>Sugiro, humildemente, \u00e0s autoridades, que abandonem aquela velha demagogia de que o Recanto da Colina &#8220;\u00e9 bairro de rico&#8221; ou que \u00e9 &#8220;loteamento particular&#8221; e que por esta raz\u00e3o n\u00e3o precisa ou n\u00e3o pode receber benef\u00edcios. Pelo que sabemos, todos os cidad\u00e3os, ricos ou pobres, contribuem pagando seus impostos, inclusive o IPTU, e t\u00eam direito aos benef\u00edcios do poder p\u00fablico.<\/p>\n<p><strong><em>Por Davi Ferraz<\/em><\/strong><\/p>\n","protected":false},"excerpt":{"rendered":"<p>&nbsp; ITAPETINGA: O bairro Recanto da Colina, tido como um dos mais &#8220;chiques&#8221; da cidade, \u00e9 um abandono s\u00f3. De todos os bairros de Itapetinga, sem sombra de d\u00favida \u00e9 o mais esquecido, apesar de abrigar moradores ilustres, como o prefeito Jos\u00e9 Carlos e o seu vice Edilson Lima, e outros menos ilustres, como este [&hellip;]<\/p>\n","protected":false},"author":2,"featured_media":0,"comment_status":"open","ping_status":"open","sticky":false,"template":"","format":"standard","meta":{"footnotes":"","_links_to":"","_links_to_target":""},"categories":[1],"tags":[],"class_list":["post-22431","post","type-post","status-publish","format-standard","hentry","category-geral"],"views":1279,"_links":{"self":[{"href":"https:\/\/www.sudoestehoje.com.br\/novoportal\/wp-json\/wp\/v2\/posts\/22431","targetHints":{"allow":["GET"]}}],"collection":[{"href":"https:\/\/www.sudoestehoje.com.br\/novoportal\/wp-json\/wp\/v2\/posts"}],"about":[{"href":"https:\/\/www.sudoestehoje.com.br\/novoportal\/wp-json\/wp\/v2\/types\/post"}],"author":[{"embeddable":true,"href":"https:\/\/www.sudoestehoje.com.br\/novoportal\/wp-json\/wp\/v2\/users\/2"}],"replies":[{"embeddable":true,"href":"https:\/\/www.sudoestehoje.com.br\/novoportal\/wp-json\/wp\/v2\/comments?post=22431"}],"version-history":[{"count":7,"href":"https:\/\/www.sudoestehoje.com.br\/novoportal\/wp-json\/wp\/v2\/posts\/22431\/revisions"}],"predecessor-version":[{"id":22437,"href":"https:\/\/www.sudoestehoje.com.br\/novoportal\/wp-json\/wp\/v2\/posts\/22431\/revisions\/22437"}],"wp:attachment":[{"href":"https:\/\/www.sudoestehoje.com.br\/novoportal\/wp-json\/wp\/v2\/media?parent=22431"}],"wp:term":[{"taxonomy":"category","embeddable":true,"href":"https:\/\/www.sudoestehoje.com.br\/novoportal\/wp-json\/wp\/v2\/categories?post=22431"},{"taxonomy":"post_tag","embeddable":true,"href":"https:\/\/www.sudoestehoje.com.br\/novoportal\/wp-json\/wp\/v2\/tags?post=22431"}],"curies":[{"name":"wp","href":"https:\/\/api.w.org\/{rel}","templated":true}]}}