
{"id":22406,"date":"2012-11-30T18:20:05","date_gmt":"2012-11-30T21:20:05","guid":{"rendered":"http:\/\/www.sudoestehoje.com.br\/novoportal\/?p=22406"},"modified":"2012-11-30T18:22:26","modified_gmt":"2012-11-30T21:22:26","slug":"itororo-adroaldo-nao-cumpre-tac-e-juiz-manda-fechar-matadouro","status":"publish","type":"post","link":"https:\/\/www.sudoestehoje.com.br\/novoportal\/2012\/11\/30\/itororo-adroaldo-nao-cumpre-tac-e-juiz-manda-fechar-matadouro\/","title":{"rendered":"ITOROR\u00d3: ADROALDO N\u00c3O CUMPRE TAC E JUIZ MANDA FECHAR MATADOURO"},"content":{"rendered":"<p><img decoding=\"async\" class=\"aligncenter\" src=\"http:\/\/itororoja.com.br\/wp-content\/uploads\/2012\/11\/IMG_0322_600x400.jpg\" alt=\"\" width=\"400\" \/><\/p>\n<p style=\"text-align: center;\"><em>Prefeito Adroaldo prometeu reformas no matadouro, mas n\u00e3o cumpriu<\/em><\/p>\n<p>&nbsp;<\/p>\n<p>Por ordem do Juiz de Direito da Vara C\u00edvel de Itoror\u00f3, Dr. Marley Cunha Medeiros, foi efetuado a interdi\u00e7\u00e3o do matadouro municipal de Itoror\u00f3 na tarde desta sexta-feira, 30. O fato poder\u00e1 ser um duro golpe a economia local, j\u00e1 que, o fechamento das filiais da Vulcabras\/Azal\u00e9ia de Bandeira do Col\u00f4nia e Itoror\u00f3, aconteceu tamb\u00e9m na tarde de hoje.<\/p>\n<p>O Minist\u00e9rio P\u00fablico prop\u00f4s, na \u00faltima quarta-feira, 21\/11, duas a\u00e7\u00f5es civis p\u00fablicas na Vara C\u00edvel da Comarca de Itoror\u00f3 visando \u00e0 interdi\u00e7\u00e3o dos matadouros de Itoror\u00f3, de Firmino Alves e de Itai\u00e1, interior deste Munic\u00edpio, depois de esgotado o prazo estabelecido no TAC (Termo de Ajuste de Condutas), que n\u00e3o foram cumpridos pelos prefeitos de Itoror\u00f3, Adroaldo Almeida, \u00a0e Firmino Alves, Padre Agnaldo, atrav\u00e9s do qual se comprometiam a realizar reformas e adapta\u00e7\u00f5es nos matadouros at\u00e9 31 de outubro de 2012, mas n\u00e3o fizeram.<\/p>\n<p><img decoding=\"async\" class=\"aligncenter\" src=\"http:\/\/itororoja.com.br\/wp-content\/uploads\/2012\/11\/IMG_0319_600x400.jpg\" alt=\"\" width=\"400\" \/><!--more--><\/p>\n<p>Segundo o promotor Dario Jose Kist o fundamento da a\u00e7\u00e3o situa-se nas graves irregularidades do ponto de vista ambiental e de sa\u00fade p\u00fablica de que tais empreendimentos padecem. As p\u00e9ssimas condi\u00e7\u00f5es higi\u00eanicas e sanit\u00e1rias existentes nos matadouros geram in\u00fameros riscos de transmiss\u00e3o de doen\u00e7as graves, como artrite infecciosa, carb\u00fanculo hem\u00e1tico, coriza gangrenosa, encefalomielites infecciosas, enterites septic\u00eamicas, linfagite ulcerosa, tuberculose, peripneumonia contagiosa, raiva e pseudo-raiva, neurocisticercose, leptospirose, toxinfec\u00e7\u00e3o alimentar e toxoplasmose.<\/p>\n<p>O matadouro municipal de Itoror\u00f3 carrega em sua estrutura e na forma do abate um problema de d\u00e9cadas e que dentro dos \u00e2mbitos legais buscou ser solucionado pela gest\u00e3o atual da prefeitura. Informa\u00e7\u00f5es do Blog Itoror\u00f3 J\u00e1<\/p>\n","protected":false},"excerpt":{"rendered":"<p>Prefeito Adroaldo prometeu reformas no matadouro, mas n\u00e3o cumpriu &nbsp; Por ordem do Juiz de Direito da Vara C\u00edvel de Itoror\u00f3, Dr. Marley Cunha Medeiros, foi efetuado a interdi\u00e7\u00e3o do matadouro municipal de Itoror\u00f3 na tarde desta sexta-feira, 30. O fato poder\u00e1 ser um duro golpe a economia local, j\u00e1 que, o fechamento das filiais [&hellip;]<\/p>\n","protected":false},"author":2,"featured_media":0,"comment_status":"open","ping_status":"open","sticky":false,"template":"","format":"standard","meta":{"footnotes":"","_links_to":"","_links_to_target":""},"categories":[1],"tags":[],"class_list":["post-22406","post","type-post","status-publish","format-standard","hentry","category-geral"],"views":1646,"_links":{"self":[{"href":"https:\/\/www.sudoestehoje.com.br\/novoportal\/wp-json\/wp\/v2\/posts\/22406","targetHints":{"allow":["GET"]}}],"collection":[{"href":"https:\/\/www.sudoestehoje.com.br\/novoportal\/wp-json\/wp\/v2\/posts"}],"about":[{"href":"https:\/\/www.sudoestehoje.com.br\/novoportal\/wp-json\/wp\/v2\/types\/post"}],"author":[{"embeddable":true,"href":"https:\/\/www.sudoestehoje.com.br\/novoportal\/wp-json\/wp\/v2\/users\/2"}],"replies":[{"embeddable":true,"href":"https:\/\/www.sudoestehoje.com.br\/novoportal\/wp-json\/wp\/v2\/comments?post=22406"}],"version-history":[{"count":3,"href":"https:\/\/www.sudoestehoje.com.br\/novoportal\/wp-json\/wp\/v2\/posts\/22406\/revisions"}],"predecessor-version":[{"id":22408,"href":"https:\/\/www.sudoestehoje.com.br\/novoportal\/wp-json\/wp\/v2\/posts\/22406\/revisions\/22408"}],"wp:attachment":[{"href":"https:\/\/www.sudoestehoje.com.br\/novoportal\/wp-json\/wp\/v2\/media?parent=22406"}],"wp:term":[{"taxonomy":"category","embeddable":true,"href":"https:\/\/www.sudoestehoje.com.br\/novoportal\/wp-json\/wp\/v2\/categories?post=22406"},{"taxonomy":"post_tag","embeddable":true,"href":"https:\/\/www.sudoestehoje.com.br\/novoportal\/wp-json\/wp\/v2\/tags?post=22406"}],"curies":[{"name":"wp","href":"https:\/\/api.w.org\/{rel}","templated":true}]}}