
{"id":22402,"date":"2012-11-30T17:36:01","date_gmt":"2012-11-30T20:36:01","guid":{"rendered":"http:\/\/www.sudoestehoje.com.br\/novoportal\/?p=22402"},"modified":"2012-11-30T17:36:01","modified_gmt":"2012-11-30T20:36:01","slug":"dilma-veta-parcialmente-lei-da-divisao-dos-royalties-do-petroleo","status":"publish","type":"post","link":"https:\/\/www.sudoestehoje.com.br\/novoportal\/2012\/11\/30\/dilma-veta-parcialmente-lei-da-divisao-dos-royalties-do-petroleo\/","title":{"rendered":"DILMA VETA PARCIALMENTE LEI DA DIVIS\u00c3O DOS ROYALTIES DO PETR\u00d3LEO"},"content":{"rendered":"<p style=\"text-align: center;\"><img decoding=\"async\" class=\"aligncenter\" src=\"http:\/\/3.bp.blogspot.com\/-AANpiSG_i6s\/UKR49QdqhdI\/AAAAAAAARbo\/K8lGN_24hiI\/s1600\/ChargeRoyaltiesAmorim.jpg\" alt=\"\" width=\"400\" \/><\/p>\n<p>&nbsp;<\/p>\n<p>O governo federal anunciou, em entrevista coletiva, no Pal\u00e1cio do Planalto desta sexta-feira (30), que a presidente Dilma Rousseff vetou parcialmente a lei que altera a divis\u00e3o dos royalties de petr\u00f3leo. A mandat\u00e1ria decidiu barrar,\u00a0<a href=\"http:\/\/www.bahianoticias.com.br\/principal\/noticia\/127092-dilma-vetara-nova-divisao-dos-royalties-do-petroleo.html\" target=\"_blank\"><strong>como j\u00e1 havia sido especulad<\/strong><\/a><strong>o<\/strong>, o artigo que mudaria as regras de distribui\u00e7\u00e3o desses tributos referentes a campos j\u00e1 explorados para estados n\u00e3o produtores. O an\u00fancio foi feito pelo ministro de Minas e Energia, Edison Lob\u00e3o. Por outro lado, a medida provis\u00f3ria que dever\u00e1 ser publicada nesta segunda-feira (3) mudar\u00e1 a participa\u00e7\u00e3o sob as novas reservas exploradas dos estados produtores, que cair\u00e1 de 26,5%, para 20% em 2013 e os n\u00e3o produtores, que recebiam 7%, passam a 21% no pr\u00f3ximo ano. As fatias aumentam para ambos nos anos seguintes. Segundo anunciou o ministro da Educa\u00e7\u00e3o, Aloizio Mercadante, com a MP,\u00a0todos os royalties de contratos futuros ser\u00e3o destinados para educa\u00e7\u00e3o, para ser distribu\u00eddo pela Uni\u00e3o a estados e munic\u00edpios. BN<\/p>\n","protected":false},"excerpt":{"rendered":"<p>&nbsp; O governo federal anunciou, em entrevista coletiva, no Pal\u00e1cio do Planalto desta sexta-feira (30), que a presidente Dilma Rousseff vetou parcialmente a lei que altera a divis\u00e3o dos royalties de petr\u00f3leo. A mandat\u00e1ria decidiu barrar,\u00a0como j\u00e1 havia sido especulado, o artigo que mudaria as regras de distribui\u00e7\u00e3o desses tributos referentes a campos j\u00e1 explorados [&hellip;]<\/p>\n","protected":false},"author":2,"featured_media":0,"comment_status":"open","ping_status":"open","sticky":false,"template":"","format":"standard","meta":{"footnotes":"","_links_to":"","_links_to_target":""},"categories":[1],"tags":[],"class_list":["post-22402","post","type-post","status-publish","format-standard","hentry","category-geral"],"views":1250,"_links":{"self":[{"href":"https:\/\/www.sudoestehoje.com.br\/novoportal\/wp-json\/wp\/v2\/posts\/22402","targetHints":{"allow":["GET"]}}],"collection":[{"href":"https:\/\/www.sudoestehoje.com.br\/novoportal\/wp-json\/wp\/v2\/posts"}],"about":[{"href":"https:\/\/www.sudoestehoje.com.br\/novoportal\/wp-json\/wp\/v2\/types\/post"}],"author":[{"embeddable":true,"href":"https:\/\/www.sudoestehoje.com.br\/novoportal\/wp-json\/wp\/v2\/users\/2"}],"replies":[{"embeddable":true,"href":"https:\/\/www.sudoestehoje.com.br\/novoportal\/wp-json\/wp\/v2\/comments?post=22402"}],"version-history":[{"count":3,"href":"https:\/\/www.sudoestehoje.com.br\/novoportal\/wp-json\/wp\/v2\/posts\/22402\/revisions"}],"predecessor-version":[{"id":22405,"href":"https:\/\/www.sudoestehoje.com.br\/novoportal\/wp-json\/wp\/v2\/posts\/22402\/revisions\/22405"}],"wp:attachment":[{"href":"https:\/\/www.sudoestehoje.com.br\/novoportal\/wp-json\/wp\/v2\/media?parent=22402"}],"wp:term":[{"taxonomy":"category","embeddable":true,"href":"https:\/\/www.sudoestehoje.com.br\/novoportal\/wp-json\/wp\/v2\/categories?post=22402"},{"taxonomy":"post_tag","embeddable":true,"href":"https:\/\/www.sudoestehoje.com.br\/novoportal\/wp-json\/wp\/v2\/tags?post=22402"}],"curies":[{"name":"wp","href":"https:\/\/api.w.org\/{rel}","templated":true}]}}