
{"id":2240,"date":"2010-11-28T13:47:18","date_gmt":"2010-11-28T16:47:18","guid":{"rendered":"http:\/\/www.sudoestehoje.com.br\/novoportal\/?p=2240"},"modified":"2010-11-28T15:27:40","modified_gmt":"2010-11-28T18:27:40","slug":"a-responsabilidade-de-joao-de-deus-e-dobrada","status":"publish","type":"post","link":"https:\/\/www.sudoestehoje.com.br\/novoportal\/2010\/11\/28\/a-responsabilidade-de-joao-de-deus-e-dobrada\/","title":{"rendered":"A RESPONSABILIDADE DE JO\u00c3O DE DEUS \u00c9 DOBRADA"},"content":{"rendered":"<p style=\"text-align: center;\"><img decoding=\"async\" src=\"http:\/\/www.conquistanews.com.br\/cnews\/wp-content\/uploads\/2010\/11\/joao-deus.jpg\" alt=\"\" \/><\/p>\n<p style=\"text-align: center;\"><strong>Jo\u00e3o de Deus assume em janeiro e precisa dar exemplo<\/strong><\/p>\n<p>\u00a0<\/p>\n<p>ITAPETINGA: Passadas as comemora\u00e7\u00f5es pela grande vit\u00f3ria, o novo presidente da C\u00e2mara de Vereadores de Itapetinga, Jo\u00e3o de Deus, precisa compreender que a sua responsabilidade agora \u00e9 infinitamente maior do que a dos presidentes que o antecederam.<\/p>\n<p>A sua elei\u00e7\u00e3o, todos sabem, n\u00e3o foi decidida exclusivamente por um acordo entre 8 vereadores, mas atrav\u00e9s de um processo iniciado\u00a0no seio da sociedade e da imprensa, na qual eu me incluo, que n\u00e3o aceitou a imposi\u00e7\u00e3o do grupo do prefeito em querer empurrar, de goela abaixo na popula\u00e7\u00e3o, elementos indesej\u00e1veis para dirigirem o poder legislativo.<\/p>\n<p>Consciente disto, Jo\u00e3o de Deus precisa ter muito equil\u00edbrio para n\u00e3o repetir velhos erros de alguns dos seus antecessores, sen\u00e3o poder\u00e1 cair no descr\u00e9dito e ocupar lugar de destaque na vala comum. Da nossa parte, que combatemos com o pr\u00f3prio <strong><em>sangue<\/em><\/strong> o retorno dos malfeitores, vamos ficar de olho e cobrar honestidade e compet\u00eancia.<\/p>\n<p>Desejamos\u00a0\u00e0 nova Mesa Diretora\u00a0sucesso na sua dura empreitada, e que tenham muita firmeza nas atitudes, para n\u00e3o cederem \u00e0s press\u00f5es\u00a0dos malfeitores, que de tudo far\u00e3o para desestabilizar a \u00f3rdem na casa. O \u00fanico conselho que posso dar aos novos membros da mesa \u00e9 que observem, acima de tudo, a Lei e a moralidade administrativa.<\/p>\n<p>O povo t\u00e1 de de olho!<\/p>\n<p>Davi Ferraz<\/p>\n","protected":false},"excerpt":{"rendered":"<p>Jo\u00e3o de Deus assume em janeiro e precisa dar exemplo \u00a0 ITAPETINGA: Passadas as comemora\u00e7\u00f5es pela grande vit\u00f3ria, o novo presidente da C\u00e2mara de Vereadores de Itapetinga, Jo\u00e3o de Deus, precisa compreender que a sua responsabilidade agora \u00e9 infinitamente maior do que a dos presidentes que o antecederam. A sua elei\u00e7\u00e3o, todos sabem, n\u00e3o foi [&hellip;]<\/p>\n","protected":false},"author":2,"featured_media":0,"comment_status":"open","ping_status":"open","sticky":false,"template":"","format":"standard","meta":{"footnotes":"","_links_to":"","_links_to_target":""},"categories":[1],"tags":[],"class_list":["post-2240","post","type-post","status-publish","format-standard","hentry","category-geral"],"views":1237,"_links":{"self":[{"href":"https:\/\/www.sudoestehoje.com.br\/novoportal\/wp-json\/wp\/v2\/posts\/2240","targetHints":{"allow":["GET"]}}],"collection":[{"href":"https:\/\/www.sudoestehoje.com.br\/novoportal\/wp-json\/wp\/v2\/posts"}],"about":[{"href":"https:\/\/www.sudoestehoje.com.br\/novoportal\/wp-json\/wp\/v2\/types\/post"}],"author":[{"embeddable":true,"href":"https:\/\/www.sudoestehoje.com.br\/novoportal\/wp-json\/wp\/v2\/users\/2"}],"replies":[{"embeddable":true,"href":"https:\/\/www.sudoestehoje.com.br\/novoportal\/wp-json\/wp\/v2\/comments?post=2240"}],"version-history":[{"count":4,"href":"https:\/\/www.sudoestehoje.com.br\/novoportal\/wp-json\/wp\/v2\/posts\/2240\/revisions"}],"predecessor-version":[{"id":2243,"href":"https:\/\/www.sudoestehoje.com.br\/novoportal\/wp-json\/wp\/v2\/posts\/2240\/revisions\/2243"}],"wp:attachment":[{"href":"https:\/\/www.sudoestehoje.com.br\/novoportal\/wp-json\/wp\/v2\/media?parent=2240"}],"wp:term":[{"taxonomy":"category","embeddable":true,"href":"https:\/\/www.sudoestehoje.com.br\/novoportal\/wp-json\/wp\/v2\/categories?post=2240"},{"taxonomy":"post_tag","embeddable":true,"href":"https:\/\/www.sudoestehoje.com.br\/novoportal\/wp-json\/wp\/v2\/tags?post=2240"}],"curies":[{"name":"wp","href":"https:\/\/api.w.org\/{rel}","templated":true}]}}