
{"id":22398,"date":"2012-11-30T08:25:42","date_gmt":"2012-11-30T11:25:42","guid":{"rendered":"http:\/\/www.sudoestehoje.com.br\/novoportal\/?p=22398"},"modified":"2012-11-30T08:25:42","modified_gmt":"2012-11-30T11:25:42","slug":"protestos-em-ilheus-atingem-wagner","status":"publish","type":"post","link":"https:\/\/www.sudoestehoje.com.br\/novoportal\/2012\/11\/30\/protestos-em-ilheus-atingem-wagner\/","title":{"rendered":"PROTESTOS EM ILH\u00c9US ATINGEM WAGNER"},"content":{"rendered":"<p><img decoding=\"async\" class=\"aligncenter\" src=\"http:\/\/www.pimenta.blog.br\/wp-content\/uploads\/protesto-educa%C3%A7%C3%A3o-em-ilh%C3%A9us-foto-pimenta-www.pimenta.blog_.br_.jpg\" alt=\"\" \/><\/p>\n<p>&nbsp;<\/p>\n<p>Em visita ao munic\u00edpio de Ilh\u00e9us, nesta quinta-feira, o governador enfrentou v\u00e1rias manifesta\u00e7\u00f5es e protestos contra a sua atua\u00e7\u00e3o. Em um deles, \u00a0de um grupo de educadores gritavam palavras de ordem como \u201ctraidor\u201d e exibiam cartazes mostrando insatisfa\u00e7\u00e3o com a condu\u00e7\u00e3o da greve dos profissionais do magist\u00e9rio da rede estadual. A categoria parou por 115 dias em meados deste ano. Um dos cartazes dizia \u201cMinha educa\u00e7\u00e3o n\u00e3o \u00e9 privada, mas o governo (sic) ta c$ga$ndo nela\u201d. A pol\u00edcia fez cord\u00e3o de isolamento, separando manifestantes e comitiva das autoridades. N\u00e3o houve incidente. <em>Pimenta<\/em><\/p>\n","protected":false},"excerpt":{"rendered":"<p>&nbsp; Em visita ao munic\u00edpio de Ilh\u00e9us, nesta quinta-feira, o governador enfrentou v\u00e1rias manifesta\u00e7\u00f5es e protestos contra a sua atua\u00e7\u00e3o. Em um deles, \u00a0de um grupo de educadores gritavam palavras de ordem como \u201ctraidor\u201d e exibiam cartazes mostrando insatisfa\u00e7\u00e3o com a condu\u00e7\u00e3o da greve dos profissionais do magist\u00e9rio da rede estadual. A categoria parou por [&hellip;]<\/p>\n","protected":false},"author":2,"featured_media":0,"comment_status":"open","ping_status":"open","sticky":false,"template":"","format":"standard","meta":{"footnotes":"","_links_to":"","_links_to_target":""},"categories":[1],"tags":[],"class_list":["post-22398","post","type-post","status-publish","format-standard","hentry","category-geral"],"views":1636,"_links":{"self":[{"href":"https:\/\/www.sudoestehoje.com.br\/novoportal\/wp-json\/wp\/v2\/posts\/22398","targetHints":{"allow":["GET"]}}],"collection":[{"href":"https:\/\/www.sudoestehoje.com.br\/novoportal\/wp-json\/wp\/v2\/posts"}],"about":[{"href":"https:\/\/www.sudoestehoje.com.br\/novoportal\/wp-json\/wp\/v2\/types\/post"}],"author":[{"embeddable":true,"href":"https:\/\/www.sudoestehoje.com.br\/novoportal\/wp-json\/wp\/v2\/users\/2"}],"replies":[{"embeddable":true,"href":"https:\/\/www.sudoestehoje.com.br\/novoportal\/wp-json\/wp\/v2\/comments?post=22398"}],"version-history":[{"count":3,"href":"https:\/\/www.sudoestehoje.com.br\/novoportal\/wp-json\/wp\/v2\/posts\/22398\/revisions"}],"predecessor-version":[{"id":22401,"href":"https:\/\/www.sudoestehoje.com.br\/novoportal\/wp-json\/wp\/v2\/posts\/22398\/revisions\/22401"}],"wp:attachment":[{"href":"https:\/\/www.sudoestehoje.com.br\/novoportal\/wp-json\/wp\/v2\/media?parent=22398"}],"wp:term":[{"taxonomy":"category","embeddable":true,"href":"https:\/\/www.sudoestehoje.com.br\/novoportal\/wp-json\/wp\/v2\/categories?post=22398"},{"taxonomy":"post_tag","embeddable":true,"href":"https:\/\/www.sudoestehoje.com.br\/novoportal\/wp-json\/wp\/v2\/tags?post=22398"}],"curies":[{"name":"wp","href":"https:\/\/api.w.org\/{rel}","templated":true}]}}