
{"id":22372,"date":"2012-11-28T17:00:38","date_gmt":"2012-11-28T20:00:38","guid":{"rendered":"http:\/\/www.sudoestehoje.com.br\/novoportal\/?p=22372"},"modified":"2012-11-28T20:46:39","modified_gmt":"2012-11-28T23:46:39","slug":"itarantim-gideao-matos-e-absolvido-pelo-tribunal-de-justica","status":"publish","type":"post","link":"https:\/\/www.sudoestehoje.com.br\/novoportal\/2012\/11\/28\/itarantim-gideao-matos-e-absolvido-pelo-tribunal-de-justica\/","title":{"rendered":"ITARANTIM: GIDE\u00c3O MATOS \u00c9 ABSOLVIDO PELO TRIBUNAL DE JUSTI\u00c7A"},"content":{"rendered":"<p><img decoding=\"async\" class=\"aligncenter\" src=\"http:\/\/www.politicosdosuldabahia.com.br\/v1\/wp-content\/uploads\/01-300x153.jpg\" alt=\"\" width=\"400\" \/><\/p>\n<p>&nbsp;<\/p>\n<p>Nesta ter\u00e7a-feira a 1\u00aa C\u00e2mara Criminal do Tribunal de Justi\u00e7a da Bahia absolveu o prefeito do Munic\u00edpio de Itarantim, Gide\u00e3o Matos, acusado em duas a\u00e7\u00f5es penais de descumprimento de ordens judiciais.<\/p>\n<p>Gide\u00e3o Matos pelo menos se livrou desta condena\u00e7\u00e3o, mas o prefeito eleito Paulo Fernandes (PSB), promete fazer uma auditoria na prefeitura a partir de janeiro.<\/p>\n","protected":false},"excerpt":{"rendered":"<p>&nbsp; Nesta ter\u00e7a-feira a 1\u00aa C\u00e2mara Criminal do Tribunal de Justi\u00e7a da Bahia absolveu o prefeito do Munic\u00edpio de Itarantim, Gide\u00e3o Matos, acusado em duas a\u00e7\u00f5es penais de descumprimento de ordens judiciais. Gide\u00e3o Matos pelo menos se livrou desta condena\u00e7\u00e3o, mas o prefeito eleito Paulo Fernandes (PSB), promete fazer uma auditoria na prefeitura a partir [&hellip;]<\/p>\n","protected":false},"author":2,"featured_media":0,"comment_status":"open","ping_status":"open","sticky":false,"template":"","format":"standard","meta":{"footnotes":"","_links_to":"","_links_to_target":""},"categories":[1],"tags":[],"class_list":["post-22372","post","type-post","status-publish","format-standard","hentry","category-geral"],"views":1433,"_links":{"self":[{"href":"https:\/\/www.sudoestehoje.com.br\/novoportal\/wp-json\/wp\/v2\/posts\/22372","targetHints":{"allow":["GET"]}}],"collection":[{"href":"https:\/\/www.sudoestehoje.com.br\/novoportal\/wp-json\/wp\/v2\/posts"}],"about":[{"href":"https:\/\/www.sudoestehoje.com.br\/novoportal\/wp-json\/wp\/v2\/types\/post"}],"author":[{"embeddable":true,"href":"https:\/\/www.sudoestehoje.com.br\/novoportal\/wp-json\/wp\/v2\/users\/2"}],"replies":[{"embeddable":true,"href":"https:\/\/www.sudoestehoje.com.br\/novoportal\/wp-json\/wp\/v2\/comments?post=22372"}],"version-history":[{"count":2,"href":"https:\/\/www.sudoestehoje.com.br\/novoportal\/wp-json\/wp\/v2\/posts\/22372\/revisions"}],"predecessor-version":[{"id":22374,"href":"https:\/\/www.sudoestehoje.com.br\/novoportal\/wp-json\/wp\/v2\/posts\/22372\/revisions\/22374"}],"wp:attachment":[{"href":"https:\/\/www.sudoestehoje.com.br\/novoportal\/wp-json\/wp\/v2\/media?parent=22372"}],"wp:term":[{"taxonomy":"category","embeddable":true,"href":"https:\/\/www.sudoestehoje.com.br\/novoportal\/wp-json\/wp\/v2\/categories?post=22372"},{"taxonomy":"post_tag","embeddable":true,"href":"https:\/\/www.sudoestehoje.com.br\/novoportal\/wp-json\/wp\/v2\/tags?post=22372"}],"curies":[{"name":"wp","href":"https:\/\/api.w.org\/{rel}","templated":true}]}}