
{"id":22368,"date":"2012-11-29T05:32:35","date_gmt":"2012-11-29T08:32:35","guid":{"rendered":"http:\/\/www.sudoestehoje.com.br\/novoportal\/?p=22368"},"modified":"2012-11-29T22:30:25","modified_gmt":"2012-11-30T01:30:25","slug":"missionaria-de-itapetinga-continua-presa-no-senegal-2","status":"publish","type":"post","link":"https:\/\/www.sudoestehoje.com.br\/novoportal\/2012\/11\/29\/missionaria-de-itapetinga-continua-presa-no-senegal-2\/","title":{"rendered":"MISSION\u00c1RIA DE ITAPETINGA CONTINUA PRESA NO SENEGAL"},"content":{"rendered":"<p><img decoding=\"async\" class=\"aligncenter\" src=\"http:\/\/www.magnomalta.com\/portal\/images\/stories\/mm_1432.jpg\" alt=\"\" width=\"400\" \/><\/p>\n<p>&nbsp;<\/p>\n<p>O senador Magno Malta (PR-ES) disse, nesta quarta-feira, 28, no Senado Federal, em Bras\u00edlia, que dois mission\u00e1rios brasileiros presos no Senegal devem ser soltos em, no m\u00e1ximo, 10 dias. O pastor mineiro Jos\u00e9 Dilson, l\u00edder do projeto Obadias, e a mission\u00e1ria baiana de Itapetinga Zeneide Moreira Novaes est\u00e3o presos acusados de acolher e evangelizar crian\u00e7as que frequentam escolas isl\u00e2micas naquele pa\u00eds do continente africano.<\/p>\n<p>Segundo informou o pastor Jos\u00e9 Sanches, do projeto Fronteiras \u00c1frica, os mission\u00e1rios foram enviados \u00e0 regi\u00e3o de Mbur, no Senegal, pela Ag\u00eancia Presbiteriana de Miss\u00f5es Transculturais (APMT). Ambos permanecem retidos e foram transferidos para a cidade de Thi\u00e9s, vizinha ao local onde foram detidos, para prestarem novos depoimentos.<\/p>\n<p>O senador Magno Malta visitou os brasileiros presos em companhia dos deputados\u00a0Paulo Freire e Ronaldo Fonseca. Antes da viagem, os congressistas visitaram a embaixada do Senegal, em Bras\u00edlia, onde ficaram sabendo que aquele pa\u00eds \u00e9 laico, embora o Senegal tenha 94% de pessoas de confiss\u00e3o isl\u00e2mica. \u201cH\u00e1 quase 400 mil crian\u00e7as, quase meio milh\u00e3o de crian\u00e7as, abandonadas na rua. E l\u00e1 n\u00f3s temos um pouco mais de 250 brasileiros, mission\u00e1rios, que deixaram um pa\u00eds que esta com a economia estabilizada\u201d, discursou o senador.<!--more--><\/p>\n<p>\u201cAo descer naquele pa\u00eds fomos ao chamado Orfanato-Escola, um lugar limpo, cheio de crian\u00e7as chorando, por conta da mission\u00e1ria Zeneida que, ali\u00e1s, \u00e9 uma baiana do interior, l\u00e1 de Itapetinga, tamb\u00e9m de onde eu fui criado\u201d. O senador disse que o pai da mission\u00e1ria, Zacarias, congregava na mesma igreja que a m\u00e3e dele, conhecida como Dad\u00e1.<\/p>\n<p>Magno refor\u00e7a que as crian\u00e7as est\u00e3o chorando pela volta de Zeneida. \u201cChorando\u00a0sabem por qu\u00ea? Com medo de ela n\u00e3o voltar, com medo de as autoridades fecharem o Orfanato-Escola e com medo de voltarem para a rua\u201d, narrou o senador.<\/p>\n<p>A comitiva de parlamentares brasileiros se reuniu com o chefe tribal da regi\u00e3o onde atuam os brasileiros que disse serem os mission\u00e1rios e pastores como filhos para ele. Depois, foram ao Minist\u00e9rio das Rela\u00e7\u00f5es Exteriores do Senegal e ao pres\u00eddio ver os prisioneiros.<\/p>\n<p>\u201cN\u00f3s encontramos com um coronel que serviu 33 anos na ONU. Ele nos recebeu educadamente, um homem sens\u00edvel, um homem que conhece a necessidade do seu pa\u00eds e a necessidade de que pa\u00edses irm\u00e3os mandem miss\u00f5es para poder ajud\u00e1-los. Ele disse a mim e ao deputado Ronaldo Fonseca: \u2018Vou mandar chamar os prisioneiros\u2019. E n\u00f3s preparamos o nosso esp\u00edrito para consol\u00e1-los\u201d.<\/p>\n<p>Ao receber a visita dos congressistas brasileiros, o pastor brasileiro mostrou-se resignado. \u201c\u201cFiquem em paz, que n\u00f3s somos prisioneiros de Cristo\u201d. Ali\u00e1s, dizia o coronel do pres\u00eddio, se depender do meu relat\u00f3rio, eles j\u00e1 estar\u00e3o na rua. E diziam os advogados: nos pr\u00f3ximos 10, 15 dias, eles ir\u00e3o para a rua\u201d.<\/p>\n<p>O Itamaraty e a Embaixada do Brasil no Senegal contrataram advogados para atuar na causa, com a entrada de Habeas Corpus. O senador capixaba destacou o profissionalismo dos funcion\u00e1rios do governo brasileiro. Tamb\u00e9m a APMT contratou advogados e pede ora\u00e7\u00f5es pela soltura dos mission\u00e1rios.<\/p>\n","protected":false},"excerpt":{"rendered":"<p>&nbsp; O senador Magno Malta (PR-ES) disse, nesta quarta-feira, 28, no Senado Federal, em Bras\u00edlia, que dois mission\u00e1rios brasileiros presos no Senegal devem ser soltos em, no m\u00e1ximo, 10 dias. O pastor mineiro Jos\u00e9 Dilson, l\u00edder do projeto Obadias, e a mission\u00e1ria baiana de Itapetinga Zeneide Moreira Novaes est\u00e3o presos acusados de acolher e evangelizar [&hellip;]<\/p>\n","protected":false},"author":2,"featured_media":0,"comment_status":"open","ping_status":"open","sticky":false,"template":"","format":"standard","meta":{"footnotes":"","_links_to":"","_links_to_target":""},"categories":[1],"tags":[],"class_list":["post-22368","post","type-post","status-publish","format-standard","hentry","category-geral"],"views":1659,"_links":{"self":[{"href":"https:\/\/www.sudoestehoje.com.br\/novoportal\/wp-json\/wp\/v2\/posts\/22368","targetHints":{"allow":["GET"]}}],"collection":[{"href":"https:\/\/www.sudoestehoje.com.br\/novoportal\/wp-json\/wp\/v2\/posts"}],"about":[{"href":"https:\/\/www.sudoestehoje.com.br\/novoportal\/wp-json\/wp\/v2\/types\/post"}],"author":[{"embeddable":true,"href":"https:\/\/www.sudoestehoje.com.br\/novoportal\/wp-json\/wp\/v2\/users\/2"}],"replies":[{"embeddable":true,"href":"https:\/\/www.sudoestehoje.com.br\/novoportal\/wp-json\/wp\/v2\/comments?post=22368"}],"version-history":[{"count":4,"href":"https:\/\/www.sudoestehoje.com.br\/novoportal\/wp-json\/wp\/v2\/posts\/22368\/revisions"}],"predecessor-version":[{"id":22371,"href":"https:\/\/www.sudoestehoje.com.br\/novoportal\/wp-json\/wp\/v2\/posts\/22368\/revisions\/22371"}],"wp:attachment":[{"href":"https:\/\/www.sudoestehoje.com.br\/novoportal\/wp-json\/wp\/v2\/media?parent=22368"}],"wp:term":[{"taxonomy":"category","embeddable":true,"href":"https:\/\/www.sudoestehoje.com.br\/novoportal\/wp-json\/wp\/v2\/categories?post=22368"},{"taxonomy":"post_tag","embeddable":true,"href":"https:\/\/www.sudoestehoje.com.br\/novoportal\/wp-json\/wp\/v2\/tags?post=22368"}],"curies":[{"name":"wp","href":"https:\/\/api.w.org\/{rel}","templated":true}]}}