
{"id":22358,"date":"2012-11-28T19:58:53","date_gmt":"2012-11-28T22:58:53","guid":{"rendered":"http:\/\/www.sudoestehoje.com.br\/novoportal\/?p=22358"},"modified":"2012-11-28T22:50:18","modified_gmt":"2012-11-29T01:50:18","slug":"confirmado-azaleia-fecha-12-filiais-ate-o-final-de-dezembro","status":"publish","type":"post","link":"https:\/\/www.sudoestehoje.com.br\/novoportal\/2012\/11\/28\/confirmado-azaleia-fecha-12-filiais-ate-o-final-de-dezembro\/","title":{"rendered":"CONFIRMADO: AZALEIA FECHA 12 FILIAIS AT\u00c9 O FINAL DE DEZEMBRO"},"content":{"rendered":"<p>http:\/\/www.youtube.com\/watch?feature=player_embedded&#038;v=VsvU2CSzlHI<\/p>\n<p style=\"text-align: center;\"><em>Entrevista do advogado do sindicato \u00e0 R\u00e1dio Jornal<\/em><\/p>\n<p>&nbsp;<\/p>\n<p>ITAPETINGA: Como o <em>Sudoeste Hoje<\/em> j\u00e1 havia antecipado no in\u00edcio deste m\u00eas (01.11), a Vulcabras-Azaleia vai mesmo desativar as suas filiais instaladas na micro-regi\u00e3o de Itapetinga, at\u00e9 o final deste ano, mantendo aberta apenas a matriz da f\u00e1brica em Itapetinga, que poder\u00e1 ser tamb\u00e9m desativada at\u00e9 o final de 2013, no mais tardar.<\/p>\n<p>Quando publicamos a mat\u00e9ria neste site, muita gente duvidou e at\u00e9 os locutores oficiais da prefeitura cuidaram de fazer um pat\u00e9tico desmentido nas emissoras de r\u00e1dio, acompanhado de foguet\u00f3rio, afirmando que a nossa mat\u00e9ria n\u00e3o passava de mero &#8220;factoide&#8221; para \u00a0desgastar o prefeito, e que a Azaleia havia garantido que continuaria na regi\u00e3o, fazendo mais investimentos.<\/p>\n<p>Hoje, entretanto, foi o pr\u00f3prio representante do Sindicado Verdade, ligado \u00e0 CUT e ao PT, que foi \u00e0s emissoras de r\u00e1dio para confirmar o que j\u00e1 hav\u00edamos antecipado h\u00e1 quase um m\u00eas, para tristeza geral de Itapetinga e regi\u00e3o.<\/p>\n<p>Com a desativa\u00e7\u00e3o das f\u00e1bricas localizadas em\u00a0Itoror\u00f3 , Itamb\u00e9, Bandeira, Macarani, Rio do Meio, Firmino Alves, Caatiba e Itai\u00e1, \u00a0(Itoror\u00f3, Macarani, Bandeira e Itamb\u00e9 t\u00eam duas filiais cada), cerca de 3.200 a 3.500 funcion\u00e1rios (30%) ser\u00e3o demitidos imediatamente, da mesma forma que ocorreu no fechamento das outras filiais no ano passado.<\/p>\n<p>O an\u00fancio oficial do fechamento das filiais dever\u00e1 ser feito pela dire\u00e7\u00e3o da f\u00e1brica, na pr\u00f3xima sexta-feira (30).<\/p>\n<p>Falta de aviso n\u00e3o foi&#8230;<\/p>\n<p><strong><em>Por Davi Ferraz<\/em><\/strong><\/p>\n<p>&nbsp;<\/p>\n","protected":false},"excerpt":{"rendered":"<p>http:\/\/www.youtube.com\/watch?feature=player_embedded&#038;v=VsvU2CSzlHI Entrevista do advogado do sindicato \u00e0 R\u00e1dio Jornal &nbsp; ITAPETINGA: Como o Sudoeste Hoje j\u00e1 havia antecipado no in\u00edcio deste m\u00eas (01.11), a Vulcabras-Azaleia vai mesmo desativar as suas filiais instaladas na micro-regi\u00e3o de Itapetinga, at\u00e9 o final deste ano, mantendo aberta apenas a matriz da f\u00e1brica em Itapetinga, que poder\u00e1 ser tamb\u00e9m desativada [&hellip;]<\/p>\n","protected":false},"author":2,"featured_media":0,"comment_status":"open","ping_status":"open","sticky":false,"template":"","format":"standard","meta":{"footnotes":"","_links_to":"","_links_to_target":""},"categories":[1],"tags":[],"class_list":["post-22358","post","type-post","status-publish","format-standard","hentry","category-geral"],"views":1801,"_links":{"self":[{"href":"https:\/\/www.sudoestehoje.com.br\/novoportal\/wp-json\/wp\/v2\/posts\/22358","targetHints":{"allow":["GET"]}}],"collection":[{"href":"https:\/\/www.sudoestehoje.com.br\/novoportal\/wp-json\/wp\/v2\/posts"}],"about":[{"href":"https:\/\/www.sudoestehoje.com.br\/novoportal\/wp-json\/wp\/v2\/types\/post"}],"author":[{"embeddable":true,"href":"https:\/\/www.sudoestehoje.com.br\/novoportal\/wp-json\/wp\/v2\/users\/2"}],"replies":[{"embeddable":true,"href":"https:\/\/www.sudoestehoje.com.br\/novoportal\/wp-json\/wp\/v2\/comments?post=22358"}],"version-history":[{"count":6,"href":"https:\/\/www.sudoestehoje.com.br\/novoportal\/wp-json\/wp\/v2\/posts\/22358\/revisions"}],"predecessor-version":[{"id":22375,"href":"https:\/\/www.sudoestehoje.com.br\/novoportal\/wp-json\/wp\/v2\/posts\/22358\/revisions\/22375"}],"wp:attachment":[{"href":"https:\/\/www.sudoestehoje.com.br\/novoportal\/wp-json\/wp\/v2\/media?parent=22358"}],"wp:term":[{"taxonomy":"category","embeddable":true,"href":"https:\/\/www.sudoestehoje.com.br\/novoportal\/wp-json\/wp\/v2\/categories?post=22358"},{"taxonomy":"post_tag","embeddable":true,"href":"https:\/\/www.sudoestehoje.com.br\/novoportal\/wp-json\/wp\/v2\/tags?post=22358"}],"curies":[{"name":"wp","href":"https:\/\/api.w.org\/{rel}","templated":true}]}}