
{"id":22349,"date":"2012-11-28T14:34:23","date_gmt":"2012-11-28T17:34:23","guid":{"rendered":"http:\/\/www.sudoestehoje.com.br\/novoportal\/?p=22349"},"modified":"2012-11-28T14:34:23","modified_gmt":"2012-11-28T17:34:23","slug":"rosemberg-na-capsula-do-tempo","status":"publish","type":"post","link":"https:\/\/www.sudoestehoje.com.br\/novoportal\/2012\/11\/28\/rosemberg-na-capsula-do-tempo\/","title":{"rendered":"ROSEMBERG NA C\u00c1PSULA DO TEMPO"},"content":{"rendered":"<p><img decoding=\"async\" class=\"aligncenter\" src=\"http:\/\/www.pimenta.blog.br\/wp-content\/uploads\/charge-do-borega.jpg\" alt=\"\" width=\"400\" \/><\/p>\n<p>&nbsp;<\/p>\n<p>Charge do Borega (impag\u00e1vel) ironiza a decis\u00e3o do PT de fechar com a reelei\u00e7\u00e3o de Marcelo Nilo na Assembleia Legislativa, dando um verdadeiro &#8220;chega pr\u00e1 l\u00e1&#8221; no postulante petista Rosemberg Pinto. Publicado no \u00a0<a href=\"http:\/\/bahianoticias.com.br\/principal\/charge\/114-charge-do-borega.html\" target=\"_blank\">Bahia Not\u00edcia<\/a><\/p>\n","protected":false},"excerpt":{"rendered":"<p>&nbsp; Charge do Borega (impag\u00e1vel) ironiza a decis\u00e3o do PT de fechar com a reelei\u00e7\u00e3o de Marcelo Nilo na Assembleia Legislativa, dando um verdadeiro &#8220;chega pr\u00e1 l\u00e1&#8221; no postulante petista Rosemberg Pinto. Publicado no \u00a0Bahia Not\u00edcia<\/p>\n","protected":false},"author":2,"featured_media":0,"comment_status":"open","ping_status":"open","sticky":false,"template":"","format":"standard","meta":{"footnotes":"","_links_to":"","_links_to_target":""},"categories":[1],"tags":[],"class_list":["post-22349","post","type-post","status-publish","format-standard","hentry","category-geral"],"views":1375,"_links":{"self":[{"href":"https:\/\/www.sudoestehoje.com.br\/novoportal\/wp-json\/wp\/v2\/posts\/22349","targetHints":{"allow":["GET"]}}],"collection":[{"href":"https:\/\/www.sudoestehoje.com.br\/novoportal\/wp-json\/wp\/v2\/posts"}],"about":[{"href":"https:\/\/www.sudoestehoje.com.br\/novoportal\/wp-json\/wp\/v2\/types\/post"}],"author":[{"embeddable":true,"href":"https:\/\/www.sudoestehoje.com.br\/novoportal\/wp-json\/wp\/v2\/users\/2"}],"replies":[{"embeddable":true,"href":"https:\/\/www.sudoestehoje.com.br\/novoportal\/wp-json\/wp\/v2\/comments?post=22349"}],"version-history":[{"count":3,"href":"https:\/\/www.sudoestehoje.com.br\/novoportal\/wp-json\/wp\/v2\/posts\/22349\/revisions"}],"predecessor-version":[{"id":22352,"href":"https:\/\/www.sudoestehoje.com.br\/novoportal\/wp-json\/wp\/v2\/posts\/22349\/revisions\/22352"}],"wp:attachment":[{"href":"https:\/\/www.sudoestehoje.com.br\/novoportal\/wp-json\/wp\/v2\/media?parent=22349"}],"wp:term":[{"taxonomy":"category","embeddable":true,"href":"https:\/\/www.sudoestehoje.com.br\/novoportal\/wp-json\/wp\/v2\/categories?post=22349"},{"taxonomy":"post_tag","embeddable":true,"href":"https:\/\/www.sudoestehoje.com.br\/novoportal\/wp-json\/wp\/v2\/tags?post=22349"}],"curies":[{"name":"wp","href":"https:\/\/api.w.org\/{rel}","templated":true}]}}