
{"id":22345,"date":"2012-11-28T14:27:40","date_gmt":"2012-11-28T17:27:40","guid":{"rendered":"http:\/\/www.sudoestehoje.com.br\/novoportal\/?p=22345"},"modified":"2012-11-28T14:27:40","modified_gmt":"2012-11-28T17:27:40","slug":"prefeito-de-eunapolis-e-condenado-a-3-anos-de-prisao","status":"publish","type":"post","link":"https:\/\/www.sudoestehoje.com.br\/novoportal\/2012\/11\/28\/prefeito-de-eunapolis-e-condenado-a-3-anos-de-prisao\/","title":{"rendered":"PREFEITO DE EUN\u00c1POLIS \u00c9 CONDENADO A 3 ANOS DE PRIS\u00c3O"},"content":{"rendered":"<p><img decoding=\"async\" class=\"aligncenter\" src=\"http:\/\/www.radar830.com.br\/news\/imgdest\/prefeito_jpg(1).jpg\" alt=\"\" \/><\/p>\n<p>&nbsp;<\/p>\n<p>EUN\u00c1POLIS: A 1\u00aa C\u00e2mara Criminal do Tribunal de Justi\u00e7a da Bahia condenou o prefeito de Eun\u00e1polis,\u00a0<strong>Rob\u00e9rio Oliveira<\/strong>(PRTB), a tr\u00eas anos e tr\u00eas meses de reclus\u00e3o, al\u00e9m da perda do mandato e inelegibilidade por cinco anos. O gestor foi acusado de fazer autopromo\u00e7\u00e3o em publicidade governamental.<\/p>\n<p>De acordo com o N\u00facleo de Investiga\u00e7\u00e3o de Crimes Atribu\u00eddos a Prefeitos (CAP), do Minist\u00e9rio P\u00fablico Estadual, Oliveira cometeu o crime em 2005, quando contratou a empresa Bureau Comunica\u00e7\u00e3o e Marketing, pelo valor de R$ 77 mil, para editar e distribuir 20 mil exemplares de uma revista. A pretexto de divulgar a\u00e7\u00f5es do governo, a revista fez liga\u00e7\u00e3o do nome do prefeito com obras e servi\u00e7os do munic\u00edpio, o que \u00e9 proibido.<\/p>\n<p>A conduta de Oliveira foi apresentada pelo Tribunal de Contas dos Munic\u00edpios (TCM) ao Minist\u00e9rio P\u00fablico, que denunciou o prefeito ao Tribunal de Justi\u00e7a. O chefe do executivo de Eun\u00e1polis ir\u00e1 recorrer da decis\u00e3o.<\/p>\n","protected":false},"excerpt":{"rendered":"<p>&nbsp; EUN\u00c1POLIS: A 1\u00aa C\u00e2mara Criminal do Tribunal de Justi\u00e7a da Bahia condenou o prefeito de Eun\u00e1polis,\u00a0Rob\u00e9rio Oliveira(PRTB), a tr\u00eas anos e tr\u00eas meses de reclus\u00e3o, al\u00e9m da perda do mandato e inelegibilidade por cinco anos. O gestor foi acusado de fazer autopromo\u00e7\u00e3o em publicidade governamental. De acordo com o N\u00facleo de Investiga\u00e7\u00e3o de Crimes [&hellip;]<\/p>\n","protected":false},"author":2,"featured_media":0,"comment_status":"open","ping_status":"open","sticky":false,"template":"","format":"standard","meta":{"footnotes":"","_links_to":"","_links_to_target":""},"categories":[1],"tags":[],"class_list":["post-22345","post","type-post","status-publish","format-standard","hentry","category-geral"],"views":1397,"_links":{"self":[{"href":"https:\/\/www.sudoestehoje.com.br\/novoportal\/wp-json\/wp\/v2\/posts\/22345","targetHints":{"allow":["GET"]}}],"collection":[{"href":"https:\/\/www.sudoestehoje.com.br\/novoportal\/wp-json\/wp\/v2\/posts"}],"about":[{"href":"https:\/\/www.sudoestehoje.com.br\/novoportal\/wp-json\/wp\/v2\/types\/post"}],"author":[{"embeddable":true,"href":"https:\/\/www.sudoestehoje.com.br\/novoportal\/wp-json\/wp\/v2\/users\/2"}],"replies":[{"embeddable":true,"href":"https:\/\/www.sudoestehoje.com.br\/novoportal\/wp-json\/wp\/v2\/comments?post=22345"}],"version-history":[{"count":3,"href":"https:\/\/www.sudoestehoje.com.br\/novoportal\/wp-json\/wp\/v2\/posts\/22345\/revisions"}],"predecessor-version":[{"id":22348,"href":"https:\/\/www.sudoestehoje.com.br\/novoportal\/wp-json\/wp\/v2\/posts\/22345\/revisions\/22348"}],"wp:attachment":[{"href":"https:\/\/www.sudoestehoje.com.br\/novoportal\/wp-json\/wp\/v2\/media?parent=22345"}],"wp:term":[{"taxonomy":"category","embeddable":true,"href":"https:\/\/www.sudoestehoje.com.br\/novoportal\/wp-json\/wp\/v2\/categories?post=22345"},{"taxonomy":"post_tag","embeddable":true,"href":"https:\/\/www.sudoestehoje.com.br\/novoportal\/wp-json\/wp\/v2\/tags?post=22345"}],"curies":[{"name":"wp","href":"https:\/\/api.w.org\/{rel}","templated":true}]}}