
{"id":22341,"date":"2012-11-28T14:22:26","date_gmt":"2012-11-28T17:22:26","guid":{"rendered":"http:\/\/www.sudoestehoje.com.br\/novoportal\/?p=22341"},"modified":"2012-11-28T14:22:26","modified_gmt":"2012-11-28T17:22:26","slug":"cnj-decide-que-juiz-e-obrigado-a-morar-na-comarca-onde-atua","status":"publish","type":"post","link":"https:\/\/www.sudoestehoje.com.br\/novoportal\/2012\/11\/28\/cnj-decide-que-juiz-e-obrigado-a-morar-na-comarca-onde-atua\/","title":{"rendered":"CNJ DECIDE QUE JUIZ \u00c9 OBRIGADO A MORAR NA COMARCA ONDE ATUA"},"content":{"rendered":"<p><img decoding=\"async\" class=\"aligncenter\" src=\"http:\/\/www.pimenta.blog.br\/wp-content\/uploads\/werner-cnj.jpg\" alt=\"\" width=\"400\" \/><\/p>\n<p style=\"text-align: center;\"><em>Ministro Jos\u00e9 Guilherme Vasi Werner foi o relator da mat\u00e9ria no CNJ<\/em><\/p>\n<p>&nbsp;<\/p>\n<p>Os ju\u00edzes de Direito s\u00e3o obrigados legalmente a residir na comarca onde atua, conforme decis\u00e3o tomada pelos membros do Conselho Nacional de Justi\u00e7a (CNJ) em sess\u00e3o plen\u00e1ria ontem \u00e0 noite, 27. Pelo entendimento dos ministros do conselho, as autoriza\u00e7\u00f5es para que ju\u00edzes morem fora da comarca s\u00e3o excepcionais e devem ser regulamentadas pelos tribunais, de forma fundamentada. A decis\u00e3o de ontem reafirma entendimento do pr\u00f3prio CNJ.<\/p>\n<p>A obrigatoriedade de ju\u00edzes morarem nas comarcas onde atuam est\u00e1 prevista tanto na Lei Org\u00e2nica da Magistratura Nacional (Loman) e na Constitui\u00e7\u00e3o Federal. Segundo o relator da mat\u00e9ria, ministro Jos\u00e9 Guilherme Vasi Werner, \u201cn\u00e3o h\u00e1 direito subjetivo do magistrado residir fora da comarca\u201d.<\/p>\n<p>O relator tamb\u00e9m cita a compet\u00eancia dos tribunais para regulamentar a mat\u00e9ria e decidir os pedidos \u201csempre de forma fundamentada, cabendo ao CNJ o controle da legalidade\u201d. Werner recorre \u00e0 resolu\u00e7\u00e3o 37\/2007 do CNJ para sustentar o voto.<\/p>\n<p>Na an\u00e1lise dos casos concretos, sustenta Werner, as Cortes devem ainda analisar se a autoriza\u00e7\u00e3o para o magistrado residir em outra comarca n\u00e3o prejudicar\u00e1 a presta\u00e7\u00e3o jurisdicional, conforme refor\u00e7ou o conselheiro. Com informa\u00e7\u00f5es da Ag\u00eancia CNJ.<\/p>\n<p>&nbsp;<\/p>\n","protected":false},"excerpt":{"rendered":"<p>Ministro Jos\u00e9 Guilherme Vasi Werner foi o relator da mat\u00e9ria no CNJ &nbsp; Os ju\u00edzes de Direito s\u00e3o obrigados legalmente a residir na comarca onde atua, conforme decis\u00e3o tomada pelos membros do Conselho Nacional de Justi\u00e7a (CNJ) em sess\u00e3o plen\u00e1ria ontem \u00e0 noite, 27. Pelo entendimento dos ministros do conselho, as autoriza\u00e7\u00f5es para que ju\u00edzes [&hellip;]<\/p>\n","protected":false},"author":2,"featured_media":0,"comment_status":"open","ping_status":"open","sticky":false,"template":"","format":"standard","meta":{"footnotes":"","_links_to":"","_links_to_target":""},"categories":[1],"tags":[],"class_list":["post-22341","post","type-post","status-publish","format-standard","hentry","category-geral"],"views":1170,"_links":{"self":[{"href":"https:\/\/www.sudoestehoje.com.br\/novoportal\/wp-json\/wp\/v2\/posts\/22341","targetHints":{"allow":["GET"]}}],"collection":[{"href":"https:\/\/www.sudoestehoje.com.br\/novoportal\/wp-json\/wp\/v2\/posts"}],"about":[{"href":"https:\/\/www.sudoestehoje.com.br\/novoportal\/wp-json\/wp\/v2\/types\/post"}],"author":[{"embeddable":true,"href":"https:\/\/www.sudoestehoje.com.br\/novoportal\/wp-json\/wp\/v2\/users\/2"}],"replies":[{"embeddable":true,"href":"https:\/\/www.sudoestehoje.com.br\/novoportal\/wp-json\/wp\/v2\/comments?post=22341"}],"version-history":[{"count":2,"href":"https:\/\/www.sudoestehoje.com.br\/novoportal\/wp-json\/wp\/v2\/posts\/22341\/revisions"}],"predecessor-version":[{"id":22343,"href":"https:\/\/www.sudoestehoje.com.br\/novoportal\/wp-json\/wp\/v2\/posts\/22341\/revisions\/22343"}],"wp:attachment":[{"href":"https:\/\/www.sudoestehoje.com.br\/novoportal\/wp-json\/wp\/v2\/media?parent=22341"}],"wp:term":[{"taxonomy":"category","embeddable":true,"href":"https:\/\/www.sudoestehoje.com.br\/novoportal\/wp-json\/wp\/v2\/categories?post=22341"},{"taxonomy":"post_tag","embeddable":true,"href":"https:\/\/www.sudoestehoje.com.br\/novoportal\/wp-json\/wp\/v2\/tags?post=22341"}],"curies":[{"name":"wp","href":"https:\/\/api.w.org\/{rel}","templated":true}]}}