
{"id":2234,"date":"2010-11-28T11:21:13","date_gmt":"2010-11-28T14:21:13","guid":{"rendered":"http:\/\/www.sudoestehoje.com.br\/novoportal\/?p=2234"},"modified":"2010-11-28T15:30:45","modified_gmt":"2010-11-28T18:30:45","slug":"conquista-administracao-municipal-sem-os-sinais-de-mudancas","status":"publish","type":"post","link":"https:\/\/www.sudoestehoje.com.br\/novoportal\/2010\/11\/28\/conquista-administracao-municipal-sem-os-sinais-de-mudancas\/","title":{"rendered":"CONQUISTA: ADMINISTRA\u00c7\u00c3O MUNICIPAL SEM OS SINAIS DE MUDAN\u00c7AS"},"content":{"rendered":"<p style=\"text-align: center;\"><img decoding=\"async\" class=\"aligncenter\" src=\"http:\/\/www.blogdoanderson.com\/v2\/wp-content\/uploads\/2010\/05\/guilherme.jpg\" alt=\"\" \/><\/p>\n<p style=\"text-align: center;\"><strong>Sozinho e na base do improviso, Guilherme &#8217;empurra&#8217; a necess\u00e1ria reforma com a &#8216;barriga&#8217;<\/strong><\/p>\n<p>\u00a0<\/p>\n<p>VIT\u00d3RIA DA CONQUISTA:\u00a0 A imprensa, t\u00e9cnicos e funcion\u00e1rios da prefeitura de Vit\u00f3ria da Conquista, chegaram a anunciar uma reforma administrativa pelo prefeito Guilherme Menezes (PT).<\/p>\n<p>N\u00e3o possui \u2018pe\u00e7as de reposi\u00e7\u00e3o\u2019. Com uma equipe inexperiente e fraca, Menezes vai tocando sua administra\u00e7\u00e3o na base do improviso.<\/p>\n<p>O sinal dado de mudan\u00e7a com a exonera\u00e7\u00e3o de Suzana Ribeiro da Secretaria de Sa\u00fade, n\u00e3o convenceu. Ambos viviam momentos dif\u00edceis com as rela\u00e7\u00f5es estremecidas.<\/p>\n<p>A secretaria de Infraestrutura Urbana, Tr\u00e2nsito e Transportes continua sem um t\u00e9cnico (a) capaz. Agora a cidade ter\u00e1 que esperar muito tempo at\u00e9 que tamb\u00e9m o substituto de Suzana na Secretaria de Sa\u00fade seja anunciado.<\/p>\n<p>N\u00e3o acontece nada de novo em seu governo, e para piorar n\u00e3o conseguiu emplacar ningu\u00e9m com mandato para encaminhar as demandas da cidade em Bras\u00edlia.<\/p>\n<p>Nunca na hist\u00f3ria pol\u00edtica da cidade um prefeito viajou tanto para Bras\u00edlia. Menezes imagina ser auto-suficiente, e que n\u00e3o necessita de ningu\u00e9m para ajud\u00e1-lo.<\/p>\n<p>O governo j\u00e1 est\u00e1 entrando no 3\u00ba ano de administra\u00e7\u00e3o, faltando-lhe pouco tempo para agir em defesa de sua gest\u00e3o.<\/p>\n<p><strong>(Herzem Gusm\u00e3o &#8211; Blog da Resenha Geral)<\/strong><\/p>\n","protected":false},"excerpt":{"rendered":"<p>Sozinho e na base do improviso, Guilherme &#8217;empurra&#8217; a necess\u00e1ria reforma com a &#8216;barriga&#8217; \u00a0 VIT\u00d3RIA DA CONQUISTA:\u00a0 A imprensa, t\u00e9cnicos e funcion\u00e1rios da prefeitura de Vit\u00f3ria da Conquista, chegaram a anunciar uma reforma administrativa pelo prefeito Guilherme Menezes (PT). N\u00e3o possui \u2018pe\u00e7as de reposi\u00e7\u00e3o\u2019. Com uma equipe inexperiente e fraca, Menezes vai tocando sua [&hellip;]<\/p>\n","protected":false},"author":2,"featured_media":0,"comment_status":"open","ping_status":"open","sticky":false,"template":"","format":"standard","meta":{"footnotes":"","_links_to":"","_links_to_target":""},"categories":[1],"tags":[],"class_list":["post-2234","post","type-post","status-publish","format-standard","hentry","category-geral"],"views":1306,"_links":{"self":[{"href":"https:\/\/www.sudoestehoje.com.br\/novoportal\/wp-json\/wp\/v2\/posts\/2234","targetHints":{"allow":["GET"]}}],"collection":[{"href":"https:\/\/www.sudoestehoje.com.br\/novoportal\/wp-json\/wp\/v2\/posts"}],"about":[{"href":"https:\/\/www.sudoestehoje.com.br\/novoportal\/wp-json\/wp\/v2\/types\/post"}],"author":[{"embeddable":true,"href":"https:\/\/www.sudoestehoje.com.br\/novoportal\/wp-json\/wp\/v2\/users\/2"}],"replies":[{"embeddable":true,"href":"https:\/\/www.sudoestehoje.com.br\/novoportal\/wp-json\/wp\/v2\/comments?post=2234"}],"version-history":[{"count":5,"href":"https:\/\/www.sudoestehoje.com.br\/novoportal\/wp-json\/wp\/v2\/posts\/2234\/revisions"}],"predecessor-version":[{"id":2238,"href":"https:\/\/www.sudoestehoje.com.br\/novoportal\/wp-json\/wp\/v2\/posts\/2234\/revisions\/2238"}],"wp:attachment":[{"href":"https:\/\/www.sudoestehoje.com.br\/novoportal\/wp-json\/wp\/v2\/media?parent=2234"}],"wp:term":[{"taxonomy":"category","embeddable":true,"href":"https:\/\/www.sudoestehoje.com.br\/novoportal\/wp-json\/wp\/v2\/categories?post=2234"},{"taxonomy":"post_tag","embeddable":true,"href":"https:\/\/www.sudoestehoje.com.br\/novoportal\/wp-json\/wp\/v2\/tags?post=2234"}],"curies":[{"name":"wp","href":"https:\/\/api.w.org\/{rel}","templated":true}]}}