
{"id":22316,"date":"2012-11-26T21:46:35","date_gmt":"2012-11-27T00:46:35","guid":{"rendered":"http:\/\/www.sudoestehoje.com.br\/novoportal\/?p=22316"},"modified":"2012-11-26T21:46:35","modified_gmt":"2012-11-27T00:46:35","slug":"cade-o-sac-de-itapetinga","status":"publish","type":"post","link":"https:\/\/www.sudoestehoje.com.br\/novoportal\/2012\/11\/26\/cade-o-sac-de-itapetinga\/","title":{"rendered":"CAD\u00ca O SAC DE ITAPETINGA?"},"content":{"rendered":"<p>&nbsp;<\/p>\n<p><img decoding=\"async\" class=\"aligncenter\" src=\"http:\/\/3.bp.blogspot.com\/-4zdbW3oU31Y\/Teb4MnewzlI\/AAAAAAAAHb0\/FCXj7G9ubtA\/s1600\/SAC-M%25C3%2593VEL2.jpg\" alt=\"\" width=\"400\" \/><\/p>\n<p style=\"text-align: center;\"><em>O \u00fanico SAC que o itapetinguense conhece \u00e9 o do caminh\u00e3o\u00a0<\/em><\/p>\n<p>&nbsp;<\/p>\n<p>ITAPETINGA: Promessa velha de campanha, o SAC de Itapetinga virou motivo de piadas. Entra elei\u00e7\u00e3o, sai elei\u00e7\u00e3o, a promessa \u00e9 renovada, e nada de SAC. Foi assim em 2008, 2010 e em 2012, quando o prefeito Jos\u00e9 Carlos Moura usou a antiga promessa, para &#8216;encher lingui\u00e7a&#8217; nos seus discursos vazios.<\/p>\n<p>Nada aconteceu, nem vai acontecer, se n\u00e3o aparecer algum filho de Deus ligado ao Governo (se \u00e9 que existe), para resolver essa antiga &#8216;pendenga&#8217; e livrar os cidad\u00e3os de Itapetinga e regi\u00e3o do sofrimento de terem que dormir em uma fila na gelada Vit\u00f3ria da Conquista, para tirar ou atualizar algum documento, pois se depender da disposi\u00e7\u00e3o do prefeito e seus deputados, estamos todos ferrados.<\/p>\n<p>Para se ter uma ideia do desprest\u00edgio pol\u00edtico de Itapetinga, veja a rela\u00e7\u00e3o dos munic\u00edpios do interior onde o SAC e Pontos Cidad\u00e3o j\u00e1 funcionam h\u00e1 anos:<\/p>\n<p>SAC: Alagoinhas, Barreiras, Brumado, Cama\u00e7ari, Candeias, Eun\u00e1poles, Feira de Santana (2), Ilh\u00e9us, Itabuna, Irec\u00ea, Jacobina, Jequi\u00e9, \u00a0Juazeiro, Lauro de Freitas, Porto Seguro, Santo Ant\u00f4nio de Jesus, Senhor do Bonfim, Teixeira de Freitas e Vit\u00f3ria da Conquista.<\/p>\n<p>PONTO CIDAD\u00c3O: (MINE-SAC): Camamu, Central, Cruz das Almas, Cura\u00e7\u00e1, Inhambupe, Itaberaba, Luiz Eduardo, Marac\u00e1s, Mucug\u00ea, Olindina, Presidente Tancredo Neves, \u00a0Santa Maria da Vit\u00f3ria e Serrinha.<\/p>\n<p>Uma grande parte desses munic\u00edpios n\u00e3o t\u00eam metade do peso e import\u00e2ncia de Itapetinga no cen\u00e1rio pol\u00edtico e econ\u00f4mico do estado, mas possuem pol\u00edticos atuantes, ao contr\u00e1rio da nossa sofrida cidade, cujo prefeito viaja constantemente para Salvador, para ficar &#8216;enfurnado&#8217; em um barzinho de esquina no bairro da Gra\u00e7a, conversando abobrinhas e estourando di\u00e1rias.<\/p>\n<p>Haja SACo!<\/p>\n<p><strong><em>Por Davi Ferraz\u00a0<\/em><\/strong><\/p>\n<p>&nbsp;<\/p>\n","protected":false},"excerpt":{"rendered":"<p>&nbsp; O \u00fanico SAC que o itapetinguense conhece \u00e9 o do caminh\u00e3o\u00a0 &nbsp; ITAPETINGA: Promessa velha de campanha, o SAC de Itapetinga virou motivo de piadas. Entra elei\u00e7\u00e3o, sai elei\u00e7\u00e3o, a promessa \u00e9 renovada, e nada de SAC. Foi assim em 2008, 2010 e em 2012, quando o prefeito Jos\u00e9 Carlos Moura usou a antiga [&hellip;]<\/p>\n","protected":false},"author":2,"featured_media":0,"comment_status":"open","ping_status":"open","sticky":false,"template":"","format":"standard","meta":{"footnotes":"","_links_to":"","_links_to_target":""},"categories":[1],"tags":[],"class_list":["post-22316","post","type-post","status-publish","format-standard","hentry","category-geral"],"views":1191,"_links":{"self":[{"href":"https:\/\/www.sudoestehoje.com.br\/novoportal\/wp-json\/wp\/v2\/posts\/22316","targetHints":{"allow":["GET"]}}],"collection":[{"href":"https:\/\/www.sudoestehoje.com.br\/novoportal\/wp-json\/wp\/v2\/posts"}],"about":[{"href":"https:\/\/www.sudoestehoje.com.br\/novoportal\/wp-json\/wp\/v2\/types\/post"}],"author":[{"embeddable":true,"href":"https:\/\/www.sudoestehoje.com.br\/novoportal\/wp-json\/wp\/v2\/users\/2"}],"replies":[{"embeddable":true,"href":"https:\/\/www.sudoestehoje.com.br\/novoportal\/wp-json\/wp\/v2\/comments?post=22316"}],"version-history":[{"count":2,"href":"https:\/\/www.sudoestehoje.com.br\/novoportal\/wp-json\/wp\/v2\/posts\/22316\/revisions"}],"predecessor-version":[{"id":22318,"href":"https:\/\/www.sudoestehoje.com.br\/novoportal\/wp-json\/wp\/v2\/posts\/22316\/revisions\/22318"}],"wp:attachment":[{"href":"https:\/\/www.sudoestehoje.com.br\/novoportal\/wp-json\/wp\/v2\/media?parent=22316"}],"wp:term":[{"taxonomy":"category","embeddable":true,"href":"https:\/\/www.sudoestehoje.com.br\/novoportal\/wp-json\/wp\/v2\/categories?post=22316"},{"taxonomy":"post_tag","embeddable":true,"href":"https:\/\/www.sudoestehoje.com.br\/novoportal\/wp-json\/wp\/v2\/tags?post=22316"}],"curies":[{"name":"wp","href":"https:\/\/api.w.org\/{rel}","templated":true}]}}