
{"id":22308,"date":"2012-11-26T08:49:24","date_gmt":"2012-11-26T11:49:24","guid":{"rendered":"http:\/\/www.sudoestehoje.com.br\/novoportal\/?p=22308"},"modified":"2012-11-26T08:49:54","modified_gmt":"2012-11-26T11:49:54","slug":"promotor-de-jequie-aciona-embasa-por-jogar-esgoto-em-rio","status":"publish","type":"post","link":"https:\/\/www.sudoestehoje.com.br\/novoportal\/2012\/11\/26\/promotor-de-jequie-aciona-embasa-por-jogar-esgoto-em-rio\/","title":{"rendered":"PROMOTOR DE JEQUI\u00c9 ACIONA EMBASA POR JOGAR ESGOTO EM RIO"},"content":{"rendered":"<p><img decoding=\"async\" class=\"aligncenter\" src=\"http:\/\/img.blogdoanderson.com\/2012\/11\/DSC_0636-400x268.jpg\" alt=\"\" \/><\/p>\n<p>&nbsp;<\/p>\n<p>JEQUI\u00c9: O Minist\u00e9rio P\u00fablico estadual, por interm\u00e9dio do promotor de Justi\u00e7a Mauricio Foltz Cavalcanti, ajuizou a\u00e7\u00e3o civil p\u00fablica em defesa do meio ambiente contra a Embasa, em raz\u00e3o da libera\u00e7\u00e3o de esgotos sem tratamento no leito do Rio Jequiezinho, localizado na zona urbana de Jequi\u00e9. Na a\u00e7\u00e3o, o MP solicita \u00e0 Justi\u00e7a que determine que a Embasa deixe de utilizar os extravasores da esta\u00e7\u00e3o elevat\u00f3ria no leito do rio e que adote medidas compensat\u00f3rias ou proceda ao pagamento de indeniza\u00e7\u00e3o pelos danos ambientais causados.\u00a0Inqu\u00e9rito civil instaurado pela Promotoria constatou que a libera\u00e7\u00e3o dos dejetos perdurou por cinco dias. No entanto, explica o promotor Maur\u00edcio Cavalcanti, existe a possibilidade de novos lan\u00e7amentos serem feitos no local sem o devido tratamento, j\u00e1 que a Embasa mant\u00e9m um extravasor, estrutura integrante das esta\u00e7\u00f5es elevat\u00f3rias utilizada em situa\u00e7\u00f5es de emerg\u00eancia para escoar o esgoto. De acordo com ele o dano ambiental atingiu 250 metros de leito do Rio Jequiezinho.<!--more--><\/p>\n<p><em>\u201cO forte odor, j\u00e1 experimentado por v\u00e1rios moradores do munic\u00edpio, \u00e9 uma das modifica\u00e7\u00f5es ambientais que provam a gravidade da polui\u00e7\u00e3o gerada pelo lan\u00e7amento cont\u00ednuo de esgotos in natura, sem nenhum tratamento f\u00edsico-qu\u00edmico, no Rio Jequiezinho\u201d,<\/em>\u00a0destacou o promotor de Justi\u00e7a, informando que a pr\u00f3pria Embasa reconheceu a pr\u00e1tica da conduta, tanto em sua defesa administrativa, como no momento da vistoria in loco. A Embasa deve tamb\u00e9m instalar conjuntos geradores de energia el\u00e9trica em todas as esta\u00e7\u00f5es elevat\u00f3rias de esgoto existentes no munic\u00edpio de Jequi\u00e9 e realizar o prolongamento do extravasor para que, em situa\u00e7\u00f5es de emerg\u00eancia, os dejetos sejam encaminhados para o Rio de Contas, cuja vaz\u00e3o \u00e9 mais significativa e tem maior capacidade de dilui\u00e7\u00e3o. Blog do Anderson<\/p>\n","protected":false},"excerpt":{"rendered":"<p>&nbsp; JEQUI\u00c9: O Minist\u00e9rio P\u00fablico estadual, por interm\u00e9dio do promotor de Justi\u00e7a Mauricio Foltz Cavalcanti, ajuizou a\u00e7\u00e3o civil p\u00fablica em defesa do meio ambiente contra a Embasa, em raz\u00e3o da libera\u00e7\u00e3o de esgotos sem tratamento no leito do Rio Jequiezinho, localizado na zona urbana de Jequi\u00e9. Na a\u00e7\u00e3o, o MP solicita \u00e0 Justi\u00e7a que determine [&hellip;]<\/p>\n","protected":false},"author":2,"featured_media":0,"comment_status":"open","ping_status":"open","sticky":false,"template":"","format":"standard","meta":{"footnotes":"","_links_to":"","_links_to_target":""},"categories":[1],"tags":[],"class_list":["post-22308","post","type-post","status-publish","format-standard","hentry","category-geral"],"views":1793,"_links":{"self":[{"href":"https:\/\/www.sudoestehoje.com.br\/novoportal\/wp-json\/wp\/v2\/posts\/22308","targetHints":{"allow":["GET"]}}],"collection":[{"href":"https:\/\/www.sudoestehoje.com.br\/novoportal\/wp-json\/wp\/v2\/posts"}],"about":[{"href":"https:\/\/www.sudoestehoje.com.br\/novoportal\/wp-json\/wp\/v2\/types\/post"}],"author":[{"embeddable":true,"href":"https:\/\/www.sudoestehoje.com.br\/novoportal\/wp-json\/wp\/v2\/users\/2"}],"replies":[{"embeddable":true,"href":"https:\/\/www.sudoestehoje.com.br\/novoportal\/wp-json\/wp\/v2\/comments?post=22308"}],"version-history":[{"count":3,"href":"https:\/\/www.sudoestehoje.com.br\/novoportal\/wp-json\/wp\/v2\/posts\/22308\/revisions"}],"predecessor-version":[{"id":22311,"href":"https:\/\/www.sudoestehoje.com.br\/novoportal\/wp-json\/wp\/v2\/posts\/22308\/revisions\/22311"}],"wp:attachment":[{"href":"https:\/\/www.sudoestehoje.com.br\/novoportal\/wp-json\/wp\/v2\/media?parent=22308"}],"wp:term":[{"taxonomy":"category","embeddable":true,"href":"https:\/\/www.sudoestehoje.com.br\/novoportal\/wp-json\/wp\/v2\/categories?post=22308"},{"taxonomy":"post_tag","embeddable":true,"href":"https:\/\/www.sudoestehoje.com.br\/novoportal\/wp-json\/wp\/v2\/tags?post=22308"}],"curies":[{"name":"wp","href":"https:\/\/api.w.org\/{rel}","templated":true}]}}