
{"id":22298,"date":"2012-11-25T18:35:30","date_gmt":"2012-11-25T21:35:30","guid":{"rendered":"http:\/\/www.sudoestehoje.com.br\/novoportal\/?p=22298"},"modified":"2012-11-25T18:37:02","modified_gmt":"2012-11-25T21:37:02","slug":"enterrados-corpos-do-prefeito-e-primeira-dama-de-jussiape","status":"publish","type":"post","link":"https:\/\/www.sudoestehoje.com.br\/novoportal\/2012\/11\/25\/enterrados-corpos-do-prefeito-e-primeira-dama-de-jussiape\/","title":{"rendered":"ENTERRADOS CORPOS DO PREFEITO E PRIMEIRA DAMA DE JUSSIAPE"},"content":{"rendered":"<p><img decoding=\"async\" class=\"aligncenter\" src=\"http:\/\/www.correio24horas.com.br\/fileadmin\/user_upload\/tt_news\/AFotos1\/wagnerjussiaep.jpg\" alt=\"\" width=\"400\" \/><\/p>\n<p style=\"text-align: center;\"><em>Governador Jaques Wagner compareceu ao vel\u00f3rio do prefeito e esposa<\/em><\/p>\n<p>&nbsp;<\/p>\n<p>JUSSIAPE: Os corpos do prefeito de Jussiape Proc\u00f3pio Alencar (PDT), 75 anos, da primeira-dama Jandira Alencar, 71, e do gerente da Embasa Oderlange Pereira Novaes, 46, foram enterrados no final da tarde deste domingo(25) no cemit\u00e9rio da cidade. Eles foram\u00a0<strong><a title=\"Opens external link in new window\" href=\"http:\/\/www.correio24horas.com.br\/noticias\/detalhes\/detalhes-1\/artigo\/homem-mata-prefeito-primeira-dama-e-funcionario-da-embasa-em-atentado-em-jussiape\/\" target=\"_blank\">mortos na manh\u00e3 de s\u00e1bado (24)<\/a><\/strong>em um atentado que deixou outros dois policiais baleados. O atirador Claudionor Galv\u00e3o de Oliveira, 43, morreu no confronto com os PMs.<\/p>\n<p>Familiares, amigos e os moradores chocados com o crime estiveram na cerim\u00f4nia. Os corpos do\u00a0<strong><a title=\"Opens external link in new window\" href=\"http:\/\/www.correio24horas.com.br\/noticias\/detalhes\/detalhes-1\/artigo\/jaques-wagner-acompanha-velorio-de-prefeito-e-primeira-dama-mortos-em-atentado-em-jussiape\/\" target=\"_blank\">prefeito e da primeira-dama foram velados na resid\u00eancia do casal e depois foram levados para a C\u00e2mara Municipal<\/a><\/strong>. O governador Jaques Wagner esteve na manh\u00e3 de hoje no vel\u00f3rio. Tamb\u00e9m esteve presente o deputador Marcelo Nilo (DPT).<!--more--><\/p>\n<p>O corpo do atirador foi enterrado no in\u00edcio da manh\u00e3 deste domingo. Nenhum familiar ou amigo de Claudionor foi ao cemit\u00e9rio assistir ao sepultamento. Alguns moradores de Jussiape estenderam faixas pretas na frente das casas em sinal de luto.<\/p>\n<p>O secret\u00e1rio de Seguran\u00e7a P\u00fablica (SSP-BA) Maur\u00edcio Barbosa, e o delegado-geral da Pol\u00edcia Civil H\u00e9lio Jorge, chegaram na tarde de s\u00e1bado no aeroporto S\u00f3crates Bittencourt, em Brumado.<\/p>\n<p>Os corpos do prefeito, da primeira-dama e do gerente da Embasa foram enviados na noite de s\u00e1bado para o Departamento de Pol\u00edcia T\u00e9cnica (DPT), em Brumado, onde foram necropsiados. O pr\u00e9dio foi cercado por familiares e amigos ainda chocados com os homic\u00eddios. Tamb\u00e9m foi enviado para o DPT de Brumado o corpo do atirador Claudionor Galv\u00e3o.<\/p>\n<p><strong>Correio<\/strong><\/p>\n","protected":false},"excerpt":{"rendered":"<p>Governador Jaques Wagner compareceu ao vel\u00f3rio do prefeito e esposa &nbsp; JUSSIAPE: Os corpos do prefeito de Jussiape Proc\u00f3pio Alencar (PDT), 75 anos, da primeira-dama Jandira Alencar, 71, e do gerente da Embasa Oderlange Pereira Novaes, 46, foram enterrados no final da tarde deste domingo(25) no cemit\u00e9rio da cidade. Eles foram\u00a0mortos na manh\u00e3 de s\u00e1bado [&hellip;]<\/p>\n","protected":false},"author":2,"featured_media":0,"comment_status":"open","ping_status":"open","sticky":false,"template":"","format":"standard","meta":{"footnotes":"","_links_to":"","_links_to_target":""},"categories":[1],"tags":[],"class_list":["post-22298","post","type-post","status-publish","format-standard","hentry","category-geral"],"views":1286,"_links":{"self":[{"href":"https:\/\/www.sudoestehoje.com.br\/novoportal\/wp-json\/wp\/v2\/posts\/22298","targetHints":{"allow":["GET"]}}],"collection":[{"href":"https:\/\/www.sudoestehoje.com.br\/novoportal\/wp-json\/wp\/v2\/posts"}],"about":[{"href":"https:\/\/www.sudoestehoje.com.br\/novoportal\/wp-json\/wp\/v2\/types\/post"}],"author":[{"embeddable":true,"href":"https:\/\/www.sudoestehoje.com.br\/novoportal\/wp-json\/wp\/v2\/users\/2"}],"replies":[{"embeddable":true,"href":"https:\/\/www.sudoestehoje.com.br\/novoportal\/wp-json\/wp\/v2\/comments?post=22298"}],"version-history":[{"count":4,"href":"https:\/\/www.sudoestehoje.com.br\/novoportal\/wp-json\/wp\/v2\/posts\/22298\/revisions"}],"predecessor-version":[{"id":22301,"href":"https:\/\/www.sudoestehoje.com.br\/novoportal\/wp-json\/wp\/v2\/posts\/22298\/revisions\/22301"}],"wp:attachment":[{"href":"https:\/\/www.sudoestehoje.com.br\/novoportal\/wp-json\/wp\/v2\/media?parent=22298"}],"wp:term":[{"taxonomy":"category","embeddable":true,"href":"https:\/\/www.sudoestehoje.com.br\/novoportal\/wp-json\/wp\/v2\/categories?post=22298"},{"taxonomy":"post_tag","embeddable":true,"href":"https:\/\/www.sudoestehoje.com.br\/novoportal\/wp-json\/wp\/v2\/tags?post=22298"}],"curies":[{"name":"wp","href":"https:\/\/api.w.org\/{rel}","templated":true}]}}